{"id":49592,"date":"2024-07-26T00:07:16","date_gmt":"2024-07-26T00:07:16","guid":{"rendered":"http:\/\/lahora.mx\/?p=49592"},"modified":"2024-07-26T00:07:17","modified_gmt":"2024-07-26T00:07:17","slug":"anuncian-apertura-del-paso-a-desnivel-que-conecta-a-lomas-de-angelopolis-iii","status":"publish","type":"post","link":"https:\/\/lahora.mx\/index.php\/2024\/07\/26\/anuncian-apertura-del-paso-a-desnivel-que-conecta-a-lomas-de-angelopolis-iii\/","title":{"rendered":"Anuncian apertura del paso a desnivel que conecta a Lomas de Angel\u00f3polis III"},"content":{"rendered":"\n<p>Tras tres a\u00f1os de abandono, este d\u00eda se anunci\u00f3 la apertura del paso a desnivel de Lomas de Angel\u00f3polis III, por lo que a finales del mes de agosto transportistas podr\u00e1n comenzar a utilizarlo.<\/p>\n\n\n\n<p>Dicho paso, conocido como acceso a Cascatta, conecta la lateral de la V\u00eda Atlixc\u00e1yotl con Lomas de Angel\u00f3polis III.<\/p>\n\n\n\n<p>Vecinos de Lomas de Angel\u00f3polis III podr\u00e1n comenzar a utilizar el paso a desnivel que da acceso a este conjunto. Dicho acceso tambi\u00e9n conectar\u00e1 con la nueva plaza comercial Barrio Cascata y el Chedraui Selecto.<\/p>\n\n\n\n<p>Fue a partir de la solicitud de vecinos y autoridades de Ocoyucan que se acercaron a Grupo Proyecta para pedir que la vialidad fuese libre para la circulaci\u00f3n de autom\u00f3viles, por lo que antes del 27 de agosto se espera que este espacio quede habilitado.<\/p>\n\n\n\n<p>Dicha apertura estar\u00e1 acompa\u00f1ada de la inauguraci\u00f3n del supermercado Chedraui Selecto.<\/p>\n\n\n\n<p>Con la liberaci\u00f3n de este paso a desnivel, en Lomas de Angel\u00f3polis III se podr\u00e1 disminuir la carga vehicular en la zona.<\/p>\n\n\n\n<p>La obra present\u00f3 abandono tres a\u00f1os y aunque se reactiv\u00f3 a mediados de 2023, poco despu\u00e9s qued\u00f3 cerrada nuevamente. Esto ante las adecuaciones a los carriles en ambos sentidos.<\/p>\n","protected":false},"excerpt":{"rendered":"<p>Tras tres a\u00f1os de abandono, este d\u00eda se anunci\u00f3 la apertura del paso a desnivel de Lomas de Angel\u00f3polis III, por lo que a finales del mes de agosto transportistas podr\u00e1n comenzar a utilizarlo. Dicho paso, conocido como acceso a Cascatta, conecta la lateral de la V\u00eda Atlixc\u00e1yotl con Lomas de Angel\u00f3polis III. Vecinos de [&hellip;]<\/p>\n","protected":false},"author":4,"featured_media":49593,"comment_status":"open","ping_status":"open","sticky":false,"template":"","format":"standard","meta":{"om_disable_all_campaigns":false,"_monsterinsights_skip_tracking":false,"_monsterinsights_sitenote_active":false,"_monsterinsights_sitenote_note":"","_monsterinsights_sitenote_category":0,"footnotes":""},"categories":[175],"tags":[223],"class_list":["post-49592","post","type-post","status-publish","format-standard","has-post-thumbnail","hentry","category-local","tag-puebla"],"amp_enabled":true,"_links":{"self":[{"href":"https:\/\/lahora.mx\/index.php\/wp-json\/wp\/v2\/posts\/49592","targetHints":{"allow":["GET"]}}],"collection":[{"href":"https:\/\/lahora.mx\/index.php\/wp-json\/wp\/v2\/posts"}],"about":[{"href":"https:\/\/lahora.mx\/index.php\/wp-json\/wp\/v2\/types\/post"}],"author":[{"embeddable":true,"href":"https:\/\/lahora.mx\/index.php\/wp-json\/wp\/v2\/users\/4"}],"replies":[{"embeddable":true,"href":"https:\/\/lahora.mx\/index.php\/wp-json\/wp\/v2\/comments?post=49592"}],"version-history":[{"count":1,"href":"https:\/\/lahora.mx\/index.php\/wp-json\/wp\/v2\/posts\/49592\/revisions"}],"predecessor-version":[{"id":49594,"href":"https:\/\/lahora.mx\/index.php\/wp-json\/wp\/v2\/posts\/49592\/revisions\/49594"}],"wp:featuredmedia":[{"embeddable":true,"href":"https:\/\/lahora.mx\/index.php\/wp-json\/wp\/v2\/media\/49593"}],"wp:attachment":[{"href":"https:\/\/lahora.mx\/index.php\/wp-json\/wp\/v2\/media?parent=49592"}],"wp:term":[{"taxonomy":"category","embeddable":true,"href":"https:\/\/lahora.mx\/index.php\/wp-json\/wp\/v2\/categories?post=49592"},{"taxonomy":"post_tag","embeddable":true,"href":"https:\/\/lahora.mx\/index.php\/wp-json\/wp\/v2\/tags?post=49592"}],"curies":[{"name":"wp","href":"https:\/\/api.w.org\/{rel}","templated":true}]}}