{"id":49528,"date":"2024-07-25T03:14:52","date_gmt":"2024-07-25T03:14:52","guid":{"rendered":"http:\/\/lahora.mx\/?p=49528"},"modified":"2024-07-25T03:14:53","modified_gmt":"2024-07-25T03:14:53","slug":"reciben-mujeres-impulso-economico-para-hacer-crecer-sus-negocios-en-tlaxcala","status":"publish","type":"post","link":"https:\/\/lahora.mx\/index.php\/2024\/07\/25\/reciben-mujeres-impulso-economico-para-hacer-crecer-sus-negocios-en-tlaxcala\/","title":{"rendered":"Reciben mujeres impulso econ\u00f3mico para hacer crecer sus negocios en Tlaxcala"},"content":{"rendered":"\n<p>Con una inversi\u00f3n de 45 millones de pesos, el Gobierno del Estado ha otorgado apoyo a mil 800 mujeres que viven en situaci\u00f3n de vulnerabilidad o en entornos de violencia familiar, para ayudarlas a emprender negocios y hacer crecer aquellos que ya ten\u00edan.<\/p>\n\n\n\n<p>Inauguran Unidad B\u00e1sica de Rehabilitaci\u00f3n en Santa Cruz Tlaxcala; contar\u00e1 con equipo de electroterapia y ultrasonido de alta gama<\/p>\n\n\n\n<p>A trav\u00e9s del programa de apoyos a Mujeres Jefas de Familia, que impulsa el Sistema Estatal para el Desarrollo Integral de la Familia (SEDIF), las mujeres han materializado sus sue\u00f1os, y ello les da la oportunidad de atender sus negocios y al mismo tiempo cuidar a sus hijos o a familiares enfermos o postrados.<\/p>\n\n\n\n<p>El Gobierno del Estado ha otorgado apoyo a mil 800 mujeres que viven en situaci\u00f3n de vulnerabilidad o en entornos de violencia familiar. <\/p>\n\n\n\n<p>Al encabezar el evento de la entrega simb\u00f3lica del equipamiento e insumos, la gobernadora Lorena Cu\u00e9llar Cisneros destac\u00f3 que al recibir el respaldo del Gobierno, las mujeres jefas de familia se vuelven m\u00e1s fuertes ante las complejas circunstancias que viven, pues adem\u00e1s del recurso econ\u00f3mico tambi\u00e9n son apoyadas con capacitaci\u00f3n para obtener un desarrollo econ\u00f3mico que les permita salir adelante.<\/p>\n\n\n\n<p>Acompa\u00f1ada de Mariana Espinosa de los Monteros Cu\u00e9llar, presidenta honor\u00edfica del SEDIF, y de los titulares de los poderes Legislativo y Judicial, inform\u00f3 que este mi\u00e9rcoles fueron entregados, de forma simb\u00f3lica, 600 kits en apoyo de mujeres jefas de familia, que se suman a los mil 200 entregados previamente y en lo que va de la administraci\u00f3n.<\/p>\n","protected":false},"excerpt":{"rendered":"<p>Con una inversi\u00f3n de 45 millones de pesos, el Gobierno del Estado ha otorgado apoyo a mil 800 mujeres que viven en situaci\u00f3n de vulnerabilidad o en entornos de violencia familiar, para ayudarlas a emprender negocios y hacer crecer aquellos que ya ten\u00edan. Inauguran Unidad B\u00e1sica de Rehabilitaci\u00f3n en Santa Cruz Tlaxcala; contar\u00e1 con equipo [&hellip;]<\/p>\n","protected":false},"author":4,"featured_media":49529,"comment_status":"open","ping_status":"open","sticky":false,"template":"","format":"standard","meta":{"om_disable_all_campaigns":false,"_monsterinsights_skip_tracking":false,"_monsterinsights_sitenote_active":false,"_monsterinsights_sitenote_note":"","_monsterinsights_sitenote_category":0,"footnotes":""},"categories":[175],"tags":[223,210],"class_list":["post-49528","post","type-post","status-publish","format-standard","has-post-thumbnail","hentry","category-local","tag-puebla","tag-tlaxcala"],"amp_enabled":true,"_links":{"self":[{"href":"https:\/\/lahora.mx\/index.php\/wp-json\/wp\/v2\/posts\/49528","targetHints":{"allow":["GET"]}}],"collection":[{"href":"https:\/\/lahora.mx\/index.php\/wp-json\/wp\/v2\/posts"}],"about":[{"href":"https:\/\/lahora.mx\/index.php\/wp-json\/wp\/v2\/types\/post"}],"author":[{"embeddable":true,"href":"https:\/\/lahora.mx\/index.php\/wp-json\/wp\/v2\/users\/4"}],"replies":[{"embeddable":true,"href":"https:\/\/lahora.mx\/index.php\/wp-json\/wp\/v2\/comments?post=49528"}],"version-history":[{"count":1,"href":"https:\/\/lahora.mx\/index.php\/wp-json\/wp\/v2\/posts\/49528\/revisions"}],"predecessor-version":[{"id":49530,"href":"https:\/\/lahora.mx\/index.php\/wp-json\/wp\/v2\/posts\/49528\/revisions\/49530"}],"wp:featuredmedia":[{"embeddable":true,"href":"https:\/\/lahora.mx\/index.php\/wp-json\/wp\/v2\/media\/49529"}],"wp:attachment":[{"href":"https:\/\/lahora.mx\/index.php\/wp-json\/wp\/v2\/media?parent=49528"}],"wp:term":[{"taxonomy":"category","embeddable":true,"href":"https:\/\/lahora.mx\/index.php\/wp-json\/wp\/v2\/categories?post=49528"},{"taxonomy":"post_tag","embeddable":true,"href":"https:\/\/lahora.mx\/index.php\/wp-json\/wp\/v2\/tags?post=49528"}],"curies":[{"name":"wp","href":"https:\/\/api.w.org\/{rel}","templated":true}]}}