{"id":4943,"date":"2022-04-01T20:13:14","date_gmt":"2022-04-01T20:13:14","guid":{"rendered":"http:\/\/lahora.mx\/?p=4943"},"modified":"2022-04-01T20:13:15","modified_gmt":"2022-04-01T20:13:15","slug":"a-partir-de-hoy-en-cdmx-levanta-recomendacion-de-uso-de-cubrebocas","status":"publish","type":"post","link":"https:\/\/lahora.mx\/index.php\/2022\/04\/01\/a-partir-de-hoy-en-cdmx-levanta-recomendacion-de-uso-de-cubrebocas\/","title":{"rendered":"A partir de hoy en CDMX levanta recomendaci\u00f3n de uso de cubrebocas"},"content":{"rendered":"\n<p>El Gobierno de la\u00a0 Ciudad de Mexico levant\u00f3 la recomendaci\u00f3n del uso de\u00a0<strong>cubrebocas\u00a0<\/strong>en espacios abiertos a partir de hoy, por lo que ser\u00e1 opcional usarlo.<br><\/p>\n\n\n\n<p>Al informar que la conferencia de hoy sobre el Covid-19 en la capital del pa\u00eds Ser\u00e1 al \u00faltima , ante la baja de contagios, la jefa de Gobierno,\u00a0<strong>Claudia Sheinbaum<\/strong>, inform\u00f3 que la medida del cubrebocas obligatorio aplica a partir de este viernes 1 de abril, pero recomend\u00f3 usarlo en espacios cerrados y en el transporte p\u00fablico.\u00a0<\/p>\n\n\n\n<p>La jefa de Gobierno tambi\u00e9n recomend\u00f3 que la mascarilla se use en lugares con poca ventilaci\u00f3n y sobre todo para personas adultas mayores.<\/p>\n\n\n\n<p>\u201cY ya pueden quitarse el cubrebocas, saliendo\u201d, brome\u00f3 la jefa de Gobierno con los asistentes a la conferencia de prensa.\u00a0<br><\/p>\n\n\n\n<p>En conferencia de prensa, Sheinbaum asegur\u00f3 que \u00abestamos en el punto m\u00e1s bajo de riesgo de contagio\u201d, desde que inici\u00f3 la pandemia, por lo que la Ciudad Continuar\u00e1 en sem\u00e1foro verde por dos se m\u00e1s<\/p>\n\n\n\n<p>En tanto, el titular de Gobierno Digital,\u00a0<strong>Eduardo Clark<\/strong>, se\u00f1al\u00f3 que \u201ces el mejor momento que hemos tenido en m\u00ednimos hist\u00f3ricos\u201d. Sostuvo que hay 195 hospitalizados actualmente y \u201cseguimos bajando\u201d<br>\u00a0<\/p>\n","protected":false},"excerpt":{"rendered":"<p>El Gobierno de la\u00a0 Ciudad de Mexico levant\u00f3 la recomendaci\u00f3n del uso de\u00a0cubrebocas\u00a0en espacios abiertos a partir de hoy, por lo que ser\u00e1 opcional usarlo. Al informar que la conferencia de hoy sobre el Covid-19 en la capital del pa\u00eds Ser\u00e1 al \u00faltima , ante la baja de contagios, la jefa de Gobierno,\u00a0Claudia Sheinbaum, inform\u00f3 [&hellip;]<\/p>\n","protected":false},"author":4,"featured_media":4944,"comment_status":"open","ping_status":"open","sticky":false,"template":"","format":"standard","meta":{"om_disable_all_campaigns":false,"_monsterinsights_skip_tracking":false,"_monsterinsights_sitenote_active":false,"_monsterinsights_sitenote_note":"","_monsterinsights_sitenote_category":0,"footnotes":""},"categories":[176],"tags":[195],"class_list":["post-4943","post","type-post","status-publish","format-standard","has-post-thumbnail","hentry","category-nacional","tag-principal"],"amp_enabled":true,"_links":{"self":[{"href":"https:\/\/lahora.mx\/index.php\/wp-json\/wp\/v2\/posts\/4943","targetHints":{"allow":["GET"]}}],"collection":[{"href":"https:\/\/lahora.mx\/index.php\/wp-json\/wp\/v2\/posts"}],"about":[{"href":"https:\/\/lahora.mx\/index.php\/wp-json\/wp\/v2\/types\/post"}],"author":[{"embeddable":true,"href":"https:\/\/lahora.mx\/index.php\/wp-json\/wp\/v2\/users\/4"}],"replies":[{"embeddable":true,"href":"https:\/\/lahora.mx\/index.php\/wp-json\/wp\/v2\/comments?post=4943"}],"version-history":[{"count":1,"href":"https:\/\/lahora.mx\/index.php\/wp-json\/wp\/v2\/posts\/4943\/revisions"}],"predecessor-version":[{"id":4945,"href":"https:\/\/lahora.mx\/index.php\/wp-json\/wp\/v2\/posts\/4943\/revisions\/4945"}],"wp:featuredmedia":[{"embeddable":true,"href":"https:\/\/lahora.mx\/index.php\/wp-json\/wp\/v2\/media\/4944"}],"wp:attachment":[{"href":"https:\/\/lahora.mx\/index.php\/wp-json\/wp\/v2\/media?parent=4943"}],"wp:term":[{"taxonomy":"category","embeddable":true,"href":"https:\/\/lahora.mx\/index.php\/wp-json\/wp\/v2\/categories?post=4943"},{"taxonomy":"post_tag","embeddable":true,"href":"https:\/\/lahora.mx\/index.php\/wp-json\/wp\/v2\/tags?post=4943"}],"curies":[{"name":"wp","href":"https:\/\/api.w.org\/{rel}","templated":true}]}}