{"id":49291,"date":"2024-07-19T02:28:05","date_gmt":"2024-07-19T02:28:05","guid":{"rendered":"http:\/\/lahora.mx\/?p=49291"},"modified":"2024-07-19T02:28:06","modified_gmt":"2024-07-19T02:28:06","slug":"el-gobernador-sergio-salomon-invita-a-apostarle-al-programa-impulso-al-agave-mezcalero","status":"publish","type":"post","link":"https:\/\/lahora.mx\/index.php\/2024\/07\/19\/el-gobernador-sergio-salomon-invita-a-apostarle-al-programa-impulso-al-agave-mezcalero\/","title":{"rendered":"El gobernador Sergio Salom\u00f3n invita a apostarle al programa \u201cImpulso al Agave Mezcalero\u201d"},"content":{"rendered":"\n<p>El proyecto de \u201cImpulso al Agave Mezcalero Poblano\u201d es un programa con rostro social, ya que cambia la vida de manera ben\u00e9fica a los habitantes de la Mixteca poblana, sostuvo el titular del Ejecutivo, Sergio Salom\u00f3n, al llamar a las y los productores a sumarse a esta estrategia gubernamental.<\/p>\n\n\n\n<p>Lo anterior lo se\u00f1al\u00f3 al realizar una gira de trabajo por este municipio, en donde inaugur\u00f3 la rehabilitaci\u00f3n de la avenida de Las Lomas y del adoquinamiento de la avenida Abasolo; asimismo entreg\u00f3 una constancia de la construcci\u00f3n de pavimento con concreto asf\u00e1ltico de la Calle Aldama, 43 mil 200 apoyos para el Bienestar de las Familias Poblanas, cuatro certificados de la construcci\u00f3n de espacios educativos, 54 t\u00edtulos de propiedad, una constancia de la construcci\u00f3n del sistema de agua potable en la localidad de Almolonga y mil 233 apoyos para el Fortalecimiento al Campo Poblano.<\/p>\n\n\n\n<p>En este marco, el mandatario estatal destac\u00f3 las bondades del proyecto de \u201cImpulso al Agave Mezcalero\u201d al se\u00f1alar que genera mejores condiciones econ\u00f3micas para las y los productores pues el mezcal tiene garantizado un precio a nivel internacional.<\/p>\n\n\n\n<p>De igual forma, Sergio Salom\u00f3n resalt\u00f3 la resistencia del agave a cuestiones clim\u00e1ticas al mencionar que resiste m\u00e1s el calor y requiere de menos agua a comparaci\u00f3n del ma\u00edz y sorgo; dijo que el gobierno estatal, a trav\u00e9s de sus secretar\u00edas, genera todas las condiciones y facilidades para explotar la comercializaci\u00f3n de este producto en el mercado.<br>En esta gira de trabajo estuvo presente el secretario de Gobernaci\u00f3n, Javier Aquino Lim\u00f3n, quien expuso que existe gobernabilidad en este municipio, gracias a las pol\u00edticas p\u00fablicas impulsadas por el gobernador Sergio Salom\u00f3n.<\/p>\n","protected":false},"excerpt":{"rendered":"<p>El proyecto de \u201cImpulso al Agave Mezcalero Poblano\u201d es un programa con rostro social, ya que cambia la vida de manera ben\u00e9fica a los habitantes de la Mixteca poblana, sostuvo el titular del Ejecutivo, Sergio Salom\u00f3n, al llamar a las y los productores a sumarse a esta estrategia gubernamental. Lo anterior lo se\u00f1al\u00f3 al realizar [&hellip;]<\/p>\n","protected":false},"author":4,"featured_media":49292,"comment_status":"open","ping_status":"open","sticky":false,"template":"","format":"standard","meta":{"om_disable_all_campaigns":false,"_monsterinsights_skip_tracking":false,"_monsterinsights_sitenote_active":false,"_monsterinsights_sitenote_note":"","_monsterinsights_sitenote_category":0,"footnotes":""},"categories":[175],"tags":[239,223],"class_list":["post-49291","post","type-post","status-publish","format-standard","has-post-thumbnail","hentry","category-local","tag-gobierno","tag-puebla"],"amp_enabled":true,"_links":{"self":[{"href":"https:\/\/lahora.mx\/index.php\/wp-json\/wp\/v2\/posts\/49291","targetHints":{"allow":["GET"]}}],"collection":[{"href":"https:\/\/lahora.mx\/index.php\/wp-json\/wp\/v2\/posts"}],"about":[{"href":"https:\/\/lahora.mx\/index.php\/wp-json\/wp\/v2\/types\/post"}],"author":[{"embeddable":true,"href":"https:\/\/lahora.mx\/index.php\/wp-json\/wp\/v2\/users\/4"}],"replies":[{"embeddable":true,"href":"https:\/\/lahora.mx\/index.php\/wp-json\/wp\/v2\/comments?post=49291"}],"version-history":[{"count":1,"href":"https:\/\/lahora.mx\/index.php\/wp-json\/wp\/v2\/posts\/49291\/revisions"}],"predecessor-version":[{"id":49293,"href":"https:\/\/lahora.mx\/index.php\/wp-json\/wp\/v2\/posts\/49291\/revisions\/49293"}],"wp:featuredmedia":[{"embeddable":true,"href":"https:\/\/lahora.mx\/index.php\/wp-json\/wp\/v2\/media\/49292"}],"wp:attachment":[{"href":"https:\/\/lahora.mx\/index.php\/wp-json\/wp\/v2\/media?parent=49291"}],"wp:term":[{"taxonomy":"category","embeddable":true,"href":"https:\/\/lahora.mx\/index.php\/wp-json\/wp\/v2\/categories?post=49291"},{"taxonomy":"post_tag","embeddable":true,"href":"https:\/\/lahora.mx\/index.php\/wp-json\/wp\/v2\/tags?post=49291"}],"curies":[{"name":"wp","href":"https:\/\/api.w.org\/{rel}","templated":true}]}}