{"id":49288,"date":"2024-07-19T02:25:00","date_gmt":"2024-07-19T02:25:00","guid":{"rendered":"http:\/\/lahora.mx\/?p=49288"},"modified":"2024-07-19T02:25:00","modified_gmt":"2024-07-19T02:25:00","slug":"puebla-es-unida-y-prospera-sergio-salomon","status":"publish","type":"post","link":"https:\/\/lahora.mx\/index.php\/2024\/07\/19\/puebla-es-unida-y-prospera-sergio-salomon\/","title":{"rendered":"Puebla es unida y pr\u00f3spera: Sergio Salom\u00f3n"},"content":{"rendered":"\n<p>Derivado de las acciones que impulsa el gobierno estatal, hay una Puebla unida, igualitaria, con paz social y pr\u00f3spera, manifest\u00f3 el gobernador Sergio Salom\u00f3n durante una gira de trabajo en este municipio.<\/p>\n\n\n\n<p>Al presidir la inauguraci\u00f3n de la rehabilitaci\u00f3n del Parque Municipal, as\u00ed como el otorgamiento de beneficios para el bienestar, t\u00edtulos de propiedad y certificados de construcci\u00f3n de espacios educativos, el titular del Ejecutivo record\u00f3 que su administraci\u00f3n ha priorizado el di\u00e1logo para atender y solucionar las demandas de la poblaci\u00f3n.<\/p>\n\n\n\n<p>Indic\u00f3 que gracias a lo anterior y desde que asumi\u00f3 el cargo como gobernador, cada uno de los 217 municipios tiene obra, as\u00ed como acciones sociales para mejorar la calidad de vida de sus habitantes.<\/p>\n\n\n\n<p>El secretario de Gobernaci\u00f3n (SEGOB), Javier Aquino Lim\u00f3n recalc\u00f3 que en Puebla hay un gobierno dem\u00f3crata y que respalda a cada uno de las y los presidentes municipales con la finalidad de generar acciones conjuntas para consolidar el progreso colectivo y la paz social.<br>La secretaria de Bienestar, Elsa Ru\u00edz Betanzos puntualiz\u00f3 que la administraci\u00f3n que encabeza Sergio Salom\u00f3n se ocupa porque Puebla sea una entidad de bienestar, incluyente y pr\u00f3spera, en donde las familias poblanas tengan las mismas oportunidades para tener una mejor calidad de vida. En este sentido, inform\u00f3 que la dependencia a su cargo otorg\u00f3 producto l\u00e1cteo y calentadores solares en Ixcaquixtla.<\/p>\n\n\n\n<p>El alcalde de Ixcaquixtla, Santiago Miranda de Aquino reconoci\u00f3 al gobernador Sergio Salom\u00f3n por promover un gobierno presente y coadyuvar con el municipio en menci\u00f3n para que las y los habitantes tengan mejores condiciones de vida.<\/p>\n","protected":false},"excerpt":{"rendered":"<p>Derivado de las acciones que impulsa el gobierno estatal, hay una Puebla unida, igualitaria, con paz social y pr\u00f3spera, manifest\u00f3 el gobernador Sergio Salom\u00f3n durante una gira de trabajo en este municipio. Al presidir la inauguraci\u00f3n de la rehabilitaci\u00f3n del Parque Municipal, as\u00ed como el otorgamiento de beneficios para el bienestar, t\u00edtulos de propiedad y [&hellip;]<\/p>\n","protected":false},"author":4,"featured_media":49289,"comment_status":"open","ping_status":"open","sticky":false,"template":"","format":"standard","meta":{"om_disable_all_campaigns":false,"_monsterinsights_skip_tracking":false,"_monsterinsights_sitenote_active":false,"_monsterinsights_sitenote_note":"","_monsterinsights_sitenote_category":0,"footnotes":""},"categories":[175],"tags":[239,223],"class_list":["post-49288","post","type-post","status-publish","format-standard","has-post-thumbnail","hentry","category-local","tag-gobierno","tag-puebla"],"amp_enabled":true,"_links":{"self":[{"href":"https:\/\/lahora.mx\/index.php\/wp-json\/wp\/v2\/posts\/49288","targetHints":{"allow":["GET"]}}],"collection":[{"href":"https:\/\/lahora.mx\/index.php\/wp-json\/wp\/v2\/posts"}],"about":[{"href":"https:\/\/lahora.mx\/index.php\/wp-json\/wp\/v2\/types\/post"}],"author":[{"embeddable":true,"href":"https:\/\/lahora.mx\/index.php\/wp-json\/wp\/v2\/users\/4"}],"replies":[{"embeddable":true,"href":"https:\/\/lahora.mx\/index.php\/wp-json\/wp\/v2\/comments?post=49288"}],"version-history":[{"count":1,"href":"https:\/\/lahora.mx\/index.php\/wp-json\/wp\/v2\/posts\/49288\/revisions"}],"predecessor-version":[{"id":49290,"href":"https:\/\/lahora.mx\/index.php\/wp-json\/wp\/v2\/posts\/49288\/revisions\/49290"}],"wp:featuredmedia":[{"embeddable":true,"href":"https:\/\/lahora.mx\/index.php\/wp-json\/wp\/v2\/media\/49289"}],"wp:attachment":[{"href":"https:\/\/lahora.mx\/index.php\/wp-json\/wp\/v2\/media?parent=49288"}],"wp:term":[{"taxonomy":"category","embeddable":true,"href":"https:\/\/lahora.mx\/index.php\/wp-json\/wp\/v2\/categories?post=49288"},{"taxonomy":"post_tag","embeddable":true,"href":"https:\/\/lahora.mx\/index.php\/wp-json\/wp\/v2\/tags?post=49288"}],"curies":[{"name":"wp","href":"https:\/\/api.w.org\/{rel}","templated":true}]}}