{"id":49282,"date":"2024-07-19T02:06:22","date_gmt":"2024-07-19T02:06:22","guid":{"rendered":"http:\/\/lahora.mx\/?p=49282"},"modified":"2024-07-19T02:08:14","modified_gmt":"2024-07-19T02:08:14","slug":"primer-rescate-en-cuacolandia-sin-elena-larrea","status":"publish","type":"post","link":"https:\/\/lahora.mx\/index.php\/2024\/07\/19\/primer-rescate-en-cuacolandia-sin-elena-larrea\/","title":{"rendered":"Continua el legado de Elena Larrea, Cuacolandia anuncia su primer Rescate sin ella"},"content":{"rendered":"\n<p>El equipo de Cuacolandia anunci\u00f3 su primer rescate tras la muerte de la activista Elena Larrea, pues se trata de una yegua llamada \u00abMu\u00f1eca\u00bb, que hab\u00eda sufrido maltrato cr\u00f3nico y se encontraba en un estado de salud precario.<\/p>\n\n\n\n<p>\u00abMu\u00f1eca\u00bb, pese a s\u00f3lo tener una edad entre los 10 y 14 a\u00f1os era utilizada para trabajar sin estar errada lo que le provoco lesiones, ante esta denuncia de maltrato se pudo hacer el rescate con apoyo de la Procuradur\u00eda Ambiental de Morelos y Cuacolandia.<\/p>\n\n\n\n<p>La yegua fue trasladada al santuario de Cuacolandia ubicado en Atlixco, donde recibi\u00f3 atenci\u00f3n veterinaria inmediata y comenz\u00f3 su proceso de recuperaci\u00f3n.<\/p>\n\n\n\n<p><br>A trav\u00e9s de redes sociales el equipo de Cuacolandia expres\u00f3 su compromiso continuo: \u00abHonrados de ser los custodios de un legado de amor incondicional para nuestros compa\u00f1eros de vida con los que compartimos este hogar\u00bb. Adem\u00e1s, aseguraron que seguir\u00e1n realizando rescates y luchando por el bienestar de los equinos.<\/p>\n\n\n\n<p>Sin embargo, solicitaron el apoyo de la sociedad para poder brindar la atenci\u00f3n necesaria a todos los caballos y yeguas que han sido rescatadas, por ello se va a realizar el evento \u201cReinas de Cuacolandia\u201d donde se busca obtener recursos para poder solventar algunos gastos del santuario como alimentos y medicamentos para los equinos.<\/p>\n\n\n\n<p>Este evento ser\u00e1 el pr\u00f3ximo 21 de julio en las instalaciones de Cuacolandia ubicado en Atlixco, donde habr\u00e1 presentaciones art\u00edsticas, comida y actividades para disfrutar en familia.<\/p>\n","protected":false},"excerpt":{"rendered":"<p>El equipo de Cuacolandia anunci\u00f3 su primer rescate tras la muerte de la activista Elena Larrea, pues se trata de una yegua llamada \u00abMu\u00f1eca\u00bb, que hab\u00eda sufrido maltrato cr\u00f3nico y se encontraba en un estado de salud precario. \u00abMu\u00f1eca\u00bb, pese a s\u00f3lo tener una edad entre los 10 y 14 a\u00f1os era utilizada para trabajar [&hellip;]<\/p>\n","protected":false},"author":4,"featured_media":49285,"comment_status":"open","ping_status":"open","sticky":false,"template":"","format":"standard","meta":{"om_disable_all_campaigns":false,"_monsterinsights_skip_tracking":false,"_monsterinsights_sitenote_active":false,"_monsterinsights_sitenote_note":"","_monsterinsights_sitenote_category":0,"footnotes":""},"categories":[175],"tags":[223],"class_list":["post-49282","post","type-post","status-publish","format-standard","has-post-thumbnail","hentry","category-local","tag-puebla"],"amp_enabled":true,"_links":{"self":[{"href":"https:\/\/lahora.mx\/index.php\/wp-json\/wp\/v2\/posts\/49282","targetHints":{"allow":["GET"]}}],"collection":[{"href":"https:\/\/lahora.mx\/index.php\/wp-json\/wp\/v2\/posts"}],"about":[{"href":"https:\/\/lahora.mx\/index.php\/wp-json\/wp\/v2\/types\/post"}],"author":[{"embeddable":true,"href":"https:\/\/lahora.mx\/index.php\/wp-json\/wp\/v2\/users\/4"}],"replies":[{"embeddable":true,"href":"https:\/\/lahora.mx\/index.php\/wp-json\/wp\/v2\/comments?post=49282"}],"version-history":[{"count":2,"href":"https:\/\/lahora.mx\/index.php\/wp-json\/wp\/v2\/posts\/49282\/revisions"}],"predecessor-version":[{"id":49287,"href":"https:\/\/lahora.mx\/index.php\/wp-json\/wp\/v2\/posts\/49282\/revisions\/49287"}],"wp:featuredmedia":[{"embeddable":true,"href":"https:\/\/lahora.mx\/index.php\/wp-json\/wp\/v2\/media\/49285"}],"wp:attachment":[{"href":"https:\/\/lahora.mx\/index.php\/wp-json\/wp\/v2\/media?parent=49282"}],"wp:term":[{"taxonomy":"category","embeddable":true,"href":"https:\/\/lahora.mx\/index.php\/wp-json\/wp\/v2\/categories?post=49282"},{"taxonomy":"post_tag","embeddable":true,"href":"https:\/\/lahora.mx\/index.php\/wp-json\/wp\/v2\/tags?post=49282"}],"curies":[{"name":"wp","href":"https:\/\/api.w.org\/{rel}","templated":true}]}}