{"id":4927,"date":"2022-04-01T18:57:43","date_gmt":"2022-04-01T18:57:43","guid":{"rendered":"http:\/\/lahora.mx\/?p=4927"},"modified":"2022-04-01T18:58:19","modified_gmt":"2022-04-01T18:58:19","slug":"ubican-a-homicida-de-periodista-de-veracruz-con-helicopteros-de-puebla-y-ayudaron-a-su-detencion","status":"publish","type":"post","link":"https:\/\/lahora.mx\/index.php\/2022\/04\/01\/ubican-a-homicida-de-periodista-de-veracruz-con-helicopteros-de-puebla-y-ayudaron-a-su-detencion\/","title":{"rendered":"Ubican a homicida de periodista de Veracruz con helic\u00f3pteros de Puebla y ayudaron a su detenci\u00f3n"},"content":{"rendered":"\n<p>Gustavo Abigail \u00abN\u00bb, presunto involucrado en el&nbsp; homicidio del periodista veracruzano Julio Valdivia en Tezonapa<strong><a href=\"https:\/\/www.elsoldepuebla.com.mx\/policiaca\/detienen-en-amozoc-a-el-pino-presunto-integrante-del-cartel-jalisco-nueva-generacion-8074200.html\" target=\"_blank\" rel=\"noreferrer noopener\"> <\/a>fue detenido gracias a los helic\u00f3pteros del Gobierno de Puebla,<\/strong>&nbsp;pero el traslado corri\u00f3 por cuenta de la Coordinaci\u00f3n Nacional Antisecuestro (CONASE).<\/p>\n\n\n\n<p>Lo anterior lo confirm\u00f3 el mandatario de Puebla, Luis Miguel Barbosa Huerta, quien dijo que&nbsp;<strong>dicha captura se logr\u00f3 gracias a su administraci\u00f3n,<\/strong>&nbsp;pero que hay coordinaci\u00f3n con los estados colindantes para mejorar la seguridad p\u00fablica.<\/p>\n\n\n\n<p>\u201c<strong><em>Esta acci\u00f3n de detenci\u00f3n fue una acci\u00f3n b\u00e1sicamente de la Polic\u00eda Estatal en donde la ubicaci\u00f3n de este se\u00f1or fue hecha por nuestros helic\u00f3pteros y quien ejecut\u00f3 el traslado porque ayer lo que ocurri\u00f3 fue el traslado fue la CONASE, pero claro que tenemos coordinaci\u00f3n con Veracruz<\/em><\/strong>\u201d, comparti\u00f3.<\/p>\n\n\n\n<p>En este tenor confirm\u00f3 que, hasta el momento, a\u00fan no ha firmado convenio de colaboraci\u00f3n para mejorar la seguridad con los&nbsp;<strong>estados de Tlaxcala, Hidalgo, Morelos, Oaxaca y Guerrero, pero esto no impide la comunicaci\u00f3n para concretar detenciones<\/strong>. \u201cTodo depende del estilo de quienes gobiernan, pero de que hay coordinaci\u00f3n entre autoridades investigadoras la hay\u201d, finaliz\u00f3.<\/p>\n\n\n\n<p>El Sol de Puebla dio a conocer que Gustavo Abigail \u00abN\u00bb fue detenido por una orden de aprehensi\u00f3n como presunto involucrado en el homicidio del periodista veracruzano Julio Valdivia en Tezonapa.<\/p>\n\n\n\n<p>Adem\u00e1s, este medio inform\u00f3 que el presunto culpable es hijo del entonces diputado priista oaxaque\u00f1o Gustavo \u00abN\u00bb, actualmente bajo un proceso penal por haber atacado a tiros a polic\u00edas en el municipio de Fort\u00edn, de acuerdo con autoridades de la Fiscal\u00eda General del Estado (FGE).<\/p>\n\n\n\n<p>Seg\u00fan lo informado, el acusado es conocido como \u00abel Pino\u00bb y presuntamente operaba como lugarteniente de su pap\u00e1, a quien aparentemente se le relaciona con un grupo delictivo que opera entre Tezonapa, Veracruz y Cosolapa, Oaxaca.<\/p>\n","protected":false},"excerpt":{"rendered":"<p>Gustavo Abigail \u00abN\u00bb, presunto involucrado en el&nbsp; homicidio del periodista veracruzano Julio Valdivia en Tezonapa fue detenido gracias a los helic\u00f3pteros del Gobierno de Puebla,&nbsp;pero el traslado corri\u00f3 por cuenta de la Coordinaci\u00f3n Nacional Antisecuestro (CONASE). Lo anterior lo confirm\u00f3 el mandatario de Puebla, Luis Miguel Barbosa Huerta, quien dijo que&nbsp;dicha captura se logr\u00f3 gracias [&hellip;]<\/p>\n","protected":false},"author":4,"featured_media":4928,"comment_status":"open","ping_status":"open","sticky":false,"template":"","format":"standard","meta":{"om_disable_all_campaigns":false,"_monsterinsights_skip_tracking":false,"_monsterinsights_sitenote_active":false,"_monsterinsights_sitenote_note":"","_monsterinsights_sitenote_category":0,"footnotes":""},"categories":[175],"tags":[],"class_list":["post-4927","post","type-post","status-publish","format-standard","has-post-thumbnail","hentry","category-local"],"amp_enabled":true,"_links":{"self":[{"href":"https:\/\/lahora.mx\/index.php\/wp-json\/wp\/v2\/posts\/4927","targetHints":{"allow":["GET"]}}],"collection":[{"href":"https:\/\/lahora.mx\/index.php\/wp-json\/wp\/v2\/posts"}],"about":[{"href":"https:\/\/lahora.mx\/index.php\/wp-json\/wp\/v2\/types\/post"}],"author":[{"embeddable":true,"href":"https:\/\/lahora.mx\/index.php\/wp-json\/wp\/v2\/users\/4"}],"replies":[{"embeddable":true,"href":"https:\/\/lahora.mx\/index.php\/wp-json\/wp\/v2\/comments?post=4927"}],"version-history":[{"count":2,"href":"https:\/\/lahora.mx\/index.php\/wp-json\/wp\/v2\/posts\/4927\/revisions"}],"predecessor-version":[{"id":4930,"href":"https:\/\/lahora.mx\/index.php\/wp-json\/wp\/v2\/posts\/4927\/revisions\/4930"}],"wp:featuredmedia":[{"embeddable":true,"href":"https:\/\/lahora.mx\/index.php\/wp-json\/wp\/v2\/media\/4928"}],"wp:attachment":[{"href":"https:\/\/lahora.mx\/index.php\/wp-json\/wp\/v2\/media?parent=4927"}],"wp:term":[{"taxonomy":"category","embeddable":true,"href":"https:\/\/lahora.mx\/index.php\/wp-json\/wp\/v2\/categories?post=4927"},{"taxonomy":"post_tag","embeddable":true,"href":"https:\/\/lahora.mx\/index.php\/wp-json\/wp\/v2\/tags?post=4927"}],"curies":[{"name":"wp","href":"https:\/\/api.w.org\/{rel}","templated":true}]}}