{"id":49202,"date":"2024-07-17T18:56:35","date_gmt":"2024-07-17T18:56:35","guid":{"rendered":"http:\/\/lahora.mx\/?p=49202"},"modified":"2024-07-17T18:56:35","modified_gmt":"2024-07-17T18:56:35","slug":"medidas-de-seguridad-de-mirador-no-cambiaran-menciona-ariadna-ayala-tras-incidente-con-menor","status":"publish","type":"post","link":"https:\/\/lahora.mx\/index.php\/2024\/07\/17\/medidas-de-seguridad-de-mirador-no-cambiaran-menciona-ariadna-ayala-tras-incidente-con-menor\/","title":{"rendered":"Medidas de seguridad de mirador no cambiar\u00e1n menciona Ariadna Ayala tras incidente con menor"},"content":{"rendered":"\n<p>Tras el accidente registrado en el mirador de cristal en Atlixco, donde un menor de dos a\u00f1os sufri\u00f3 una lesi\u00f3n en la cabeza, las autoridades municipales han confirmado que el acceso al mirador continuar\u00e1 sin restricciones de edad o estatura para los visitantes.<\/p>\n\n\n\n<p>Ariadna Ayala Camarillo, presidenta municipal de Atlixco, inform\u00f3 que el incidente no se debi\u00f3 a una falla estructural del mirador, por lo que las medidas de seguridad existentes se mantendr\u00e1n sin cambios.<\/p>\n\n\n\n<p>\u00abYo creo que la recomendaci\u00f3n elemental para cualquiera que tenga un beb\u00e9 de 2 a\u00f1os es indicarles que a sus beb\u00e9s no los pueden soltar, pues debemos tener mucho cuidado con nuestros ni\u00f1os\u201d, mencion\u00f3 la edil.\u201d<\/p>\n\n\n\n<p>El accidente, ocurrido el pasado domingo 14 de julio, se produjo cuando el menor cay\u00f3 en una parte lateral del cerro debido al descuido de sus padres. Personal de emergencias acudi\u00f3 al lugar para proporcionar la atenci\u00f3n m\u00e9dica necesaria.<\/p>\n","protected":false},"excerpt":{"rendered":"<p>Tras el accidente registrado en el mirador de cristal en Atlixco, donde un menor de dos a\u00f1os sufri\u00f3 una lesi\u00f3n en la cabeza, las autoridades municipales han confirmado que el acceso al mirador continuar\u00e1 sin restricciones de edad o estatura para los visitantes. Ariadna Ayala Camarillo, presidenta municipal de Atlixco, inform\u00f3 que el incidente no [&hellip;]<\/p>\n","protected":false},"author":4,"featured_media":49203,"comment_status":"open","ping_status":"open","sticky":false,"template":"","format":"standard","meta":{"om_disable_all_campaigns":false,"_monsterinsights_skip_tracking":false,"_monsterinsights_sitenote_active":false,"_monsterinsights_sitenote_note":"","_monsterinsights_sitenote_category":0,"footnotes":""},"categories":[175],"tags":[223],"class_list":["post-49202","post","type-post","status-publish","format-standard","has-post-thumbnail","hentry","category-local","tag-puebla"],"amp_enabled":true,"_links":{"self":[{"href":"https:\/\/lahora.mx\/index.php\/wp-json\/wp\/v2\/posts\/49202","targetHints":{"allow":["GET"]}}],"collection":[{"href":"https:\/\/lahora.mx\/index.php\/wp-json\/wp\/v2\/posts"}],"about":[{"href":"https:\/\/lahora.mx\/index.php\/wp-json\/wp\/v2\/types\/post"}],"author":[{"embeddable":true,"href":"https:\/\/lahora.mx\/index.php\/wp-json\/wp\/v2\/users\/4"}],"replies":[{"embeddable":true,"href":"https:\/\/lahora.mx\/index.php\/wp-json\/wp\/v2\/comments?post=49202"}],"version-history":[{"count":1,"href":"https:\/\/lahora.mx\/index.php\/wp-json\/wp\/v2\/posts\/49202\/revisions"}],"predecessor-version":[{"id":49204,"href":"https:\/\/lahora.mx\/index.php\/wp-json\/wp\/v2\/posts\/49202\/revisions\/49204"}],"wp:featuredmedia":[{"embeddable":true,"href":"https:\/\/lahora.mx\/index.php\/wp-json\/wp\/v2\/media\/49203"}],"wp:attachment":[{"href":"https:\/\/lahora.mx\/index.php\/wp-json\/wp\/v2\/media?parent=49202"}],"wp:term":[{"taxonomy":"category","embeddable":true,"href":"https:\/\/lahora.mx\/index.php\/wp-json\/wp\/v2\/categories?post=49202"},{"taxonomy":"post_tag","embeddable":true,"href":"https:\/\/lahora.mx\/index.php\/wp-json\/wp\/v2\/tags?post=49202"}],"curies":[{"name":"wp","href":"https:\/\/api.w.org\/{rel}","templated":true}]}}