{"id":49180,"date":"2024-07-17T03:50:07","date_gmt":"2024-07-17T03:50:07","guid":{"rendered":"http:\/\/lahora.mx\/?p=49180"},"modified":"2024-07-17T03:50:07","modified_gmt":"2024-07-17T03:50:07","slug":"sigue-la-construccion-del-tlaxcala-inclusivos","status":"publish","type":"post","link":"https:\/\/lahora.mx\/index.php\/2024\/07\/17\/sigue-la-construccion-del-tlaxcala-inclusivos\/","title":{"rendered":"Sigue la construcci\u00f3n del Tlaxcala inclusivos"},"content":{"rendered":"\n<p>En Tlaxcala contin\u00faan las labores y gestiones para consolidar la construcci\u00f3n de un Tlaxcala m\u00e1s inclusivo y solidario, coincidieron autoridades estatales al encabezar la entrega de apoyos funcionales que forman parte del programa \u00abNos movemos contigo\u00bb.<\/p>\n\n\n\n<p>Centro de Capacitaci\u00f3n para Personas con Discapacidad del DIF, un espacio para concretar metas y sue\u00f1os<\/p>\n\n\n\n<p>Desde las instalaciones del Centro de Capacitaci\u00f3n para Personas con Discapacidad (Cecapdif), ubicado en Chiautempan, la gobernadora de Tlaxcala, Lorena Cu\u00e9llar Cisneros y Mariana Espinosa de los Monteros Cu\u00e9llar, presidenta honor\u00edfica del Sistema Estatal para el Desarrollo Integral de la Familia (SEDIF), entregaron apoyos funcionales a personas con discapacidad, en busca de mejorar su calidad de vida y contribuir a su plena participaci\u00f3n en el d\u00eda a d\u00eda de la sociedad.<br>Este martes, a trav\u00e9s del SEDIF, el Gobierno del Estado entreg\u00f3 500 aparatos, entre sillas de ruedas, bastones y andaderas al mismo n\u00famero de beneficiarios, que se suman a los m\u00e1s de mil 200 entregados en lo que va de la actual administraci\u00f3n estatal.<br>Al encabezar el evento protocolario, la mandataria estatal afirm\u00f3 que se trata de un d\u00eda especial para las personas con discapacidad porque reciben un apoyo, como una pr\u00f3tesis, una silla de ruedas, una andadera o un bast\u00f3n, que tienen la finalidad de hacerles m\u00e1s f\u00e1cil la vida a miles de habitantes en esa condici\u00f3n.<\/p>\n\n\n\n<p>Yo soy maestra de ni\u00f1os sordos y de ni\u00f1os ciegos y durante muchos a\u00f1os viv\u00ed lo dif\u00edcil que era para muchos pap\u00e1s trabajar, sobre todo al lado de sus ni\u00f1os con discapacidad, pero es mucho m\u00e1s f\u00e1cil cuando estamos juntos, cuando el gobierno est\u00e1 junto a ustedes. Hoy quiero agradecerle al DIF estatal y a todo el equipo por esa labor maravillosa que se realiza<br>Ante decenas de beneficiarios detall\u00f3 que el gobierno tiene la encomienda de buscar a cada una de las personas que lo necesita, para que puedan acceder a alg\u00fan tipo de apoyo y que sean parte de la nueva historia que Tlaxcala vive.<\/p>\n\n\n\n<p>La titular del Ejecutivo local destac\u00f3 que antes de asumir las riendas del gobierno Tlaxcala estaba ubicado en el \u00faltimo lugar a nivel nacional en la entrega de pr\u00f3tesis, y aunque fue complejo llegar a miles de personas con ese tipo de necesidad, el trabajo y las estrategias implementadas permitieron que actualmente la entidad se posesione en el segundo sitio en M\u00e9xico.<\/p>\n\n\n\n<p>\u00abHay miles de personas que requieren de nuestro apoyo: adultos mayores que necesitan una dentadura, un bast\u00f3n, una andadera, una silla de ruedas o una operaci\u00f3n de cataratas. Hemos ido llegando a miles, llevamos ya hoy casi 70 mil personas que han recibido pr\u00f3tesis, aparatos auditivos o implantes cocleares, ha sido una larga tarea\u00bb, expres\u00f3.<\/p>\n\n\n\n<p>Destac\u00f3 que con trabajo, pero tambi\u00e9n con amor, el SEDIF logr\u00f3 la construcci\u00f3n del Cecapdif, un lugar para la capacitaci\u00f3n de personas con discapacidad, para que en un futuro puedan insertarse en el campo laboral.<\/p>\n\n\n\n<p>\u00abEl Gobierno del Estado tambi\u00e9n ofrece recurso econ\u00f3mico para apoyar a las personas con discapacidad que no hab\u00edan entrado en el programa del presidente Andr\u00e9s Manuel L\u00f3pez Obrador, porque el programa federal es hasta los 29 a\u00f1os, pero nosotros estamos ayudando y hoy son miles y miles de personas hasta los 64 a\u00f1os los que reciben ese apoyo\u00bb, dijo.<\/p>\n\n\n\n<p>En su oportunidad, Mariana Espinosa de los Monteros Cu\u00e9llar, presidenta honor\u00edfica del SEDIF, mencion\u00f3 que cada apoyo entregado representa un paso significativo hacia la independencia y una mejora en la calidad de vida de las personas con discapacidad.<\/p>\n\n\n\n<p>Lorena Cu\u00e9llar Cisneros y Mariana Espinosa de los Monteros Cu\u00e9llar, entregaron apoyos funcionales a personas con discapacidad. Mizpah Zamora \/ El Sol de Tlaxcala<br>M\u00e1s all\u00e1 de los n\u00fameros cada entrega simboliza esperanza, empoderamiento y la posibilidad de una vida con mayor autonom\u00eda<br>, asever\u00f3.<\/p>\n\n\n\n<p>Del Cecapdif dijo que se trata de un lugar que ofrece diversos cursos y talleres dise\u00f1ados espec\u00edficamente para facilitar la inserci\u00f3n laboral, y que los cursos no s\u00f3lo brindan habilidades t\u00e9cnicas, sino que tambi\u00e9n fomentan la confianza y la autonom\u00eda entre sus participantes.<\/p>\n\n\n\n<p>\u00abEs inspirador ver como cada uno de ustedes ha tomado la iniciativa de superarse y enfrentar los retos que se presentan. Su valent\u00eda es un ejemplo para todos nosotros y es un recordatorio constante de que juntos podemos construir un futuro m\u00e1s inclusivo\u00bb, sostuvo .<\/p>\n\n\n\n<p>Indic\u00f3 que al interior de esas instalaciones se reconocen las grandes capacidades de las personas con discapacidad, de las mujeres jefas de familia y de las personas de la tercera, en aras de lograr un estado totalmente emp\u00e1tico e inclusivo.<\/p>\n\n\n\n<p>\u00abHoy celebramos la entrega de funcionales y tambi\u00e9n el comienzo de nuevas oportunidades. Estamos aqu\u00ed para apoyarles en cada paso del camino porque reconocemos sus grandes capacidades y creemos firmemente que cada persona merece una oportunidad justa para brillar en el \u00e1mbito laboral\u00bb, remat\u00f3.<\/p>\n","protected":false},"excerpt":{"rendered":"<p>En Tlaxcala contin\u00faan las labores y gestiones para consolidar la construcci\u00f3n de un Tlaxcala m\u00e1s inclusivo y solidario, coincidieron autoridades estatales al encabezar la entrega de apoyos funcionales que forman parte del programa \u00abNos movemos contigo\u00bb. Centro de Capacitaci\u00f3n para Personas con Discapacidad del DIF, un espacio para concretar metas y sue\u00f1os Desde las instalaciones [&hellip;]<\/p>\n","protected":false},"author":4,"featured_media":49181,"comment_status":"open","ping_status":"open","sticky":false,"template":"","format":"standard","meta":{"om_disable_all_campaigns":false,"_monsterinsights_skip_tracking":false,"_monsterinsights_sitenote_active":false,"_monsterinsights_sitenote_note":"","_monsterinsights_sitenote_category":0,"footnotes":""},"categories":[175],"tags":[223,210],"class_list":["post-49180","post","type-post","status-publish","format-standard","has-post-thumbnail","hentry","category-local","tag-puebla","tag-tlaxcala"],"amp_enabled":true,"_links":{"self":[{"href":"https:\/\/lahora.mx\/index.php\/wp-json\/wp\/v2\/posts\/49180","targetHints":{"allow":["GET"]}}],"collection":[{"href":"https:\/\/lahora.mx\/index.php\/wp-json\/wp\/v2\/posts"}],"about":[{"href":"https:\/\/lahora.mx\/index.php\/wp-json\/wp\/v2\/types\/post"}],"author":[{"embeddable":true,"href":"https:\/\/lahora.mx\/index.php\/wp-json\/wp\/v2\/users\/4"}],"replies":[{"embeddable":true,"href":"https:\/\/lahora.mx\/index.php\/wp-json\/wp\/v2\/comments?post=49180"}],"version-history":[{"count":1,"href":"https:\/\/lahora.mx\/index.php\/wp-json\/wp\/v2\/posts\/49180\/revisions"}],"predecessor-version":[{"id":49182,"href":"https:\/\/lahora.mx\/index.php\/wp-json\/wp\/v2\/posts\/49180\/revisions\/49182"}],"wp:featuredmedia":[{"embeddable":true,"href":"https:\/\/lahora.mx\/index.php\/wp-json\/wp\/v2\/media\/49181"}],"wp:attachment":[{"href":"https:\/\/lahora.mx\/index.php\/wp-json\/wp\/v2\/media?parent=49180"}],"wp:term":[{"taxonomy":"category","embeddable":true,"href":"https:\/\/lahora.mx\/index.php\/wp-json\/wp\/v2\/categories?post=49180"},{"taxonomy":"post_tag","embeddable":true,"href":"https:\/\/lahora.mx\/index.php\/wp-json\/wp\/v2\/tags?post=49180"}],"curies":[{"name":"wp","href":"https:\/\/api.w.org\/{rel}","templated":true}]}}