{"id":4918,"date":"2022-04-01T01:27:03","date_gmt":"2022-04-01T01:27:03","guid":{"rendered":"http:\/\/lahora.mx\/?p=4918"},"modified":"2022-04-01T01:27:04","modified_gmt":"2022-04-01T01:27:04","slug":"concluye-proceso-de-preinscripciones-para-el-ciclo-2022-2023-menciona-sep","status":"publish","type":"post","link":"https:\/\/lahora.mx\/index.php\/2022\/04\/01\/concluye-proceso-de-preinscripciones-para-el-ciclo-2022-2023-menciona-sep\/","title":{"rendered":"concluye proceso de preinscripciones para el ciclo 2022-2023 menciona SEP"},"content":{"rendered":"\n<p>Con un<strong>&nbsp;total de 9 mil 162 registros<\/strong>, la&nbsp;<strong>Secretar\u00eda de Educaci\u00f3n en Puebla concluy\u00f3<\/strong>&nbsp;este 31 de marzo<strong>&nbsp;el proceso de preinscripciones para el ciclo escolar 2022-2023<\/strong>, mismo que&nbsp;<strong>se dividi\u00f3 en dos fases<\/strong>: la primera del 1 al 28 de febrero en modalidad virtual y la otra durante el mes de marzo, de forma presencial en las 19 Coordinaciones Regionales de Desarrollo Educativo (CORDE).<\/p>\n\n\n\n<p>La dependencia estatal inform\u00f3 que el pr\u00f3ximo 6 de junio\u00a0<strong>estar\u00e1 habilitada la p\u00e1gina www.inscripcion.seppue.gob.mx<\/strong>, en la que los padres de familia\u00a0<strong>podr\u00e1n consultar los resultados de ubicaci\u00f3n<\/strong>, para conocer el plantel de nivel b\u00e1sico al que hayan sido asignados sus hijos y acudir a inscribirlos.<br><\/p>\n\n\n\n<p>Para concretar este ultimo paso,<strong>&nbsp;es necesario que los paterfamilias descarguen e impriman el formato de registro<\/strong>, para lo cual deber\u00e1n ingresar a la p\u00e1gina www.inscripci\u00f3n.seppue.gob.mx, seleccionar el nivel educativo, ingresar el n\u00famero de identificaci\u00f3n de alumno o CURP del aspirante e imprimir la carta de asignaci\u00f3n.<\/p>\n\n\n\n<p>La Secretar\u00eda de Educaci\u00f3n en Puebla destac\u00f3 que con el proceso de preinscripciones<em><strong>&nbsp;\u201clos aprendientes aseguraron un lugar en una de las instituciones educativas p\u00fablicas del estado de Puebla\u201d<\/strong><\/em>, que son m\u00e1s de 11 mil 700, de acuerdo con el Instituto Nacional de Estad\u00edstica y Geograf\u00eda (INEGI).<\/p>\n\n\n\n<p>Para el caso de aquellos aspirantes que sean provenientes de otro estado del pa\u00eds o extranjeros, el servicio educativo ser\u00e1 permanente, motivo por el que podr\u00e1n solicitar su inscripci\u00f3n al nivel que les corresponda y la dependencia se encargar\u00e1 de asignarles un lugar.<\/p>\n\n\n\n<p>Es importante se\u00f1alar que<strong>&nbsp;el presente ciclo escolar concluir\u00e1 en una modalidad cien por ciento presencial,<\/strong>&nbsp;ya que a partir del pr\u00f3ximo 25 de abril todos los estudiantes volver\u00e1n a acudir a las aulas y se eliminar\u00e1 la atenci\u00f3n a distancia, debido a que el \u00edndice de contagios de Covid \u2013 19 se ha mantenido a la baja y la cifra de alumnos que se manten\u00edan sin acudir al menos un par de d\u00edas a clases presenciales es menor al ocho por ciento.<\/p>\n","protected":false},"excerpt":{"rendered":"<p>Con un&nbsp;total de 9 mil 162 registros, la&nbsp;Secretar\u00eda de Educaci\u00f3n en Puebla concluy\u00f3&nbsp;este 31 de marzo&nbsp;el proceso de preinscripciones para el ciclo escolar 2022-2023, mismo que&nbsp;se dividi\u00f3 en dos fases: la primera del 1 al 28 de febrero en modalidad virtual y la otra durante el mes de marzo, de forma presencial en las 19 [&hellip;]<\/p>\n","protected":false},"author":4,"featured_media":4919,"comment_status":"open","ping_status":"open","sticky":false,"template":"","format":"standard","meta":{"om_disable_all_campaigns":false,"_monsterinsights_skip_tracking":false,"_monsterinsights_sitenote_active":false,"_monsterinsights_sitenote_note":"","_monsterinsights_sitenote_category":0,"footnotes":""},"categories":[176],"tags":[],"class_list":["post-4918","post","type-post","status-publish","format-standard","has-post-thumbnail","hentry","category-nacional"],"amp_enabled":true,"_links":{"self":[{"href":"https:\/\/lahora.mx\/index.php\/wp-json\/wp\/v2\/posts\/4918","targetHints":{"allow":["GET"]}}],"collection":[{"href":"https:\/\/lahora.mx\/index.php\/wp-json\/wp\/v2\/posts"}],"about":[{"href":"https:\/\/lahora.mx\/index.php\/wp-json\/wp\/v2\/types\/post"}],"author":[{"embeddable":true,"href":"https:\/\/lahora.mx\/index.php\/wp-json\/wp\/v2\/users\/4"}],"replies":[{"embeddable":true,"href":"https:\/\/lahora.mx\/index.php\/wp-json\/wp\/v2\/comments?post=4918"}],"version-history":[{"count":1,"href":"https:\/\/lahora.mx\/index.php\/wp-json\/wp\/v2\/posts\/4918\/revisions"}],"predecessor-version":[{"id":4920,"href":"https:\/\/lahora.mx\/index.php\/wp-json\/wp\/v2\/posts\/4918\/revisions\/4920"}],"wp:featuredmedia":[{"embeddable":true,"href":"https:\/\/lahora.mx\/index.php\/wp-json\/wp\/v2\/media\/4919"}],"wp:attachment":[{"href":"https:\/\/lahora.mx\/index.php\/wp-json\/wp\/v2\/media?parent=4918"}],"wp:term":[{"taxonomy":"category","embeddable":true,"href":"https:\/\/lahora.mx\/index.php\/wp-json\/wp\/v2\/categories?post=4918"},{"taxonomy":"post_tag","embeddable":true,"href":"https:\/\/lahora.mx\/index.php\/wp-json\/wp\/v2\/tags?post=4918"}],"curies":[{"name":"wp","href":"https:\/\/api.w.org\/{rel}","templated":true}]}}