{"id":49151,"date":"2024-07-16T17:56:32","date_gmt":"2024-07-16T17:56:32","guid":{"rendered":"http:\/\/lahora.mx\/?p=49151"},"modified":"2024-07-16T17:56:32","modified_gmt":"2024-07-16T17:56:32","slug":"trump-se-convierte-en-candidato-oficial","status":"publish","type":"post","link":"https:\/\/lahora.mx\/index.php\/2024\/07\/16\/trump-se-convierte-en-candidato-oficial\/","title":{"rendered":"Trump se convierte en candidato oficial"},"content":{"rendered":"\n<p>La candidatura de Donald Trump para la presidencia de Estados Unidos fue ratificada ayer por el Partido Republicano, dos d\u00edas despu\u00e9s del atentado que busc\u00f3 quitarle la vida al tambi\u00e9n expresidente.<\/p>\n\n\n\n<p>Con la herida en la oreja derecha cubierta por una gasa, Trump asisti\u00f3 a la apertura de la Convenci\u00f3n Nacional Republicana, ayer, en Milwaukee, Wisconsin, donde los cerca de 50 mil asistentes coreaban: \u201cPelea, pelea\u201d, frase que Trump declar\u00f3 minutos despu\u00e9s de resultar herido en el mitin de Butler, Pensilvania, el pasado s\u00e1bado.<\/p>\n\n\n\n<p>En el evento estuvo tambi\u00e9n el senador y escritor estadunidense JD Vance, antiguo cr\u00edtico de Donald Trump, quien fue elegido como su compa\u00f1ero de f\u00f3rmula para las elecciones de noviembre pr\u00f3ximo.<\/p>\n\n\n\n<p>CON OREJA VENDADA, TRUMP SE CONVIERTE EN CANDIDATO<br>Dos d\u00edas despu\u00e9s del ataque armado que busc\u00f3 quitarle la vida, el expresidente Donald Trump fue nombrado formalmente candidato del Partido Republicano.<\/p>\n\n\n\n<p>Trump asisti\u00f3 a la inauguraci\u00f3n del evento que inici\u00f3 ayer en Milwaukee, Wisconsin.<\/p>\n\n\n\n<p>El aspirante llevaba la oreja derecha cubierta con una gasa, debido a la lesi\u00f3n que le dej\u00f3 la bala que le roz\u00f3 en el intento de homicidio del s\u00e1bado pasado.<\/p>\n\n\n\n<p>Cuando ingres\u00f3 el exmandatario, los cerca de 50 mil asistentes al auditorio Fiserv Forum coreaban: \u201cPelea, pelea\u201d.<\/p>\n\n\n\n<p>Una frase que Trump declar\u00f3 minutos despu\u00e9s de resultar herido en el mitin de Butler, Pensilvania.<br>Los asistentes escribieron a mano el nombre de Vance en sus carteles de apoyo.<br>En su primera aparici\u00f3n en p\u00fablico desde el disparo, Trump iba vestido con traje, corbata color rojo y camisa blanca.<\/p>\n\n\n\n<p>En la tarima, lo esperaban sus hijos Eric y Donald Jr.<\/p>\n\n\n\n<p>Tambi\u00e9n estaba el senador y escritor de Ohio, JD Vance, a quien Trump seleccion\u00f3 como compa\u00f1ero de f\u00f3rmula para que compita por la presidencia.<\/p>\n\n\n\n<p>Como vicepresidente, JD seguir\u00e1 luchando por nuestra Constituci\u00f3n, apoyar\u00e1 a nuestras tropas y har\u00e1 todo lo que pueda para ayudarme a Hacer grande a Estados Unidos otra vez\u201d, escribi\u00f3 Trump en su plataforma Truth Social.<\/p>\n\n\n\n<p>Adem\u00e1s, los asistentes al evento escribieron a mano el apellido Vance, para completar la f\u00f3rmula republicana que pelear\u00e1 contra los dem\u00f3cratas Joe Biden y Kamala Harris el 5 de noviembre pr\u00f3ximo.<\/p>\n\n\n\n<p>Imagen intermedia<br>Polic\u00edas montaron vallas y cercaron la zona del evento.<\/p>\n\n\n\n<p>Biden tiene a la peor vicepresidenta de la historia de nuestra naci\u00f3n\u201d, dijo Donald Trump Jr. en alusi\u00f3n a Kamala Harris.<\/p>\n\n\n\n<p>Mi padre tiene en Vance a uno de los l\u00edderes j\u00f3venes m\u00e1s din\u00e1micos del pa\u00eds\u201d, agreg\u00f3.<\/p>\n\n\n\n<p>Harris llam\u00f3 a Vance para felicitarlo por la nominaci\u00f3n y lo llam\u00f3 a debatir p\u00fablicamente, tras una propuesta de la cadena CBS emitida en mayo pasado.<\/p>\n\n\n\n<p>La vicepresidenta Harris est\u00e1 preparada para debatir con JD Vance\u201d, expres\u00f3 el equipo de campa\u00f1a dem\u00f3crata.<\/p>\n\n\n\n<p>M\u00e1s temprano, en una votaci\u00f3n un\u00e1nime, los representantes de los delegados reunidos en la convenci\u00f3n republicana, validaron su decisi\u00f3n de nominar formalmente a Trump como su candidato presidencial.<br>En el mayor evento republicano de un a\u00f1o electoral, el exmandatario salud\u00f3 a la multitud y tom\u00f3 asiento, al lado de su compa\u00f1ero de f\u00f3rmula.<\/p>\n\n\n\n<p>Los gritos de \u201cPelea, pelea\u201d, se manten\u00edan, como un nuevo eslogan de campa\u00f1a.<\/p>\n\n\n\n<p>A mi padre le dispararon, alguien le cort\u00f3 la mitad de la oreja. Pero puedo decirles que nunca ha estado m\u00e1s decidido que ahora (\u2026) vamos a ganar, y vamos a restaurar la prosperidad en este pa\u00eds\u201d, declar\u00f3 Eric Trump.<\/p>\n\n\n\n<p>Como favorito en las encuestas nacionales, el magnate neoyorquino aceptar\u00e1 formalmente la nominaci\u00f3n del partido en un discurso el jueves pr\u00f3ximo.<\/p>\n\n\n\n<p>En tanto, sigue programado que el republicano sea sentenciado en Nueva York en septiembre, por intentar encubrir un pago de dinero a la estrella porno Stormy Daniels en las semanas previas a su victoria electoral de 2016. No obstante, la Suprema Corte de Justicia reconoci\u00f3 su inmunidad.<br>El mismo d\u00eda en el que Donald Trump se convirti\u00f3 en el candidato formal de su partido, Donald Trump obtuvo una victoria legal.<\/p>\n\n\n\n<p>Ayer, un juzgado anul\u00f3 el procedimiento abierto en su contra por una supuesta mala gesti\u00f3n de documentos clasificados tras abandonar la Casa Blanca en enero de 2021, conocido como caso Mar-a-Lago.<\/p>\n\n\n\n<p>El candidato republicano a las presidenciales de noviembre, reci\u00e9n investido oficialmente en la convenci\u00f3n de su partido, hab\u00eda sido imputado junto a dos asistentes personales por guardar documentos secretos sin las precauciones necesarias en su mansi\u00f3n de Florida.<\/p>\n\n\n\n<p>Sin pronunciarse sobre el fondo del asunto, la jueza dijo que la asignaci\u00f3n y la financiaci\u00f3n del fiscal especial violaban las secciones de la Constituci\u00f3n que tratan de los nombramientos y los gastos.<br>El senador y escritor JD Vance, quien se convirti\u00f3 ayer en candidato a la vicepresidencia de Estados Unidos, hizo campa\u00f1a en abril de 2022 con frases de odio contra los mexicanos.<\/p>\n\n\n\n<p>\u00bfEres racista?, \u00bfOdias a los mexicanos?, dijo Vance en un video que se viraliz\u00f3 ayer luego de que fue confirmado compa\u00f1ero de f\u00f3rmula del candidato presidencial, Donald Trump.<\/p>\n\n\n\n<p>Se trata de un clip de 35 segundos, en los que aparece el muro que separa M\u00e9xico de Estados Unidos, que Vance utiliz\u00f3 para promover su candidatura al Senado.<\/p>\n\n\n\n<p>Ah\u00ed comparti\u00f3 que su mam\u00e1 tuvo problemas de adicciones, debido al \u201cveneno que llega del sur\u201d, en referencia a M\u00e9xico.<\/p>\n\n\n\n<p>Sus oponentes se burlaron de sus comentarios, y se apresuraron a se\u00f1alar la iron\u00eda de la situaci\u00f3n: antes de defender a Trump, Vance tambi\u00e9n hac\u00eda cr\u00edticas.<\/p>\n\n\n\n<p>Tengo buena memoria. Si hoy luchas pol\u00edticamente contra Trump y los candidatos que apoya, no vengas a pedirme ayuda dentro de un a\u00f1o para aprobar tu legislaci\u00f3n o los proyectos que aprecias\u201d, advirti\u00f3 a principios de a\u00f1o el congresista.<\/p>\n\n\n\n<p>Tras el intento de asesinato del expresidente el s\u00e1bado pasado, el republicano se\u00f1al\u00f3 a los dem\u00f3cratas.<\/p>\n\n\n\n<p>La campa\u00f1a de Biden presenta a Trump como un fascista autoritario que debe ser detenido a toda costa. Esta ret\u00f3rica condujo directamente al intento de asesinato del presidente Trump\u201d, acus\u00f3 el tambi\u00e9n escritor de libros populares, entre los que destac\u00f3 Hillbilly Elegy.<\/p>\n\n\n\n<p>Imagen intermedia<br>Unos 50 mil asistentes acudieron al auditorio Fiserv Forum, en Milwaukee, Wisconsin.<br>Su publicaci\u00f3n atrajo la atenci\u00f3n del hijo mayor del expresidente, Donald Trump Jr., del que se hizo amigo cercano.<\/p>\n\n\n\n<p>Se dice que este \u00faltimo desempe\u00f1\u00f3 un papel importante en su nominaci\u00f3n para el puesto de vicepresidente.<\/p>\n\n\n\n<p>Vance adopt\u00f3 los principales temas de Trump, as\u00ed como su tono combativo y su discurso populista.<\/p>\n\n\n\n<p>Este padre de tres hijos y exemprendedor en Silicon Valley, JD se ha convertido en una figura popular en televisi\u00f3n.<\/p>\n\n\n\n<p>Pese a las coincidencias con su compa\u00f1ero de f\u00f3rmula, Vance est\u00e1 en contra del aborto.<br>Sean O\u2019Brien, presidente de Teamsters, el mayor sindicato de EU, habl\u00f3 ayer en el evento de Milwaukee. Es la primera vez que esta agrupaci\u00f3n de trabajadores participa en la Convenci\u00f3n Nacional Republicana.<\/p>\n","protected":false},"excerpt":{"rendered":"<p>La candidatura de Donald Trump para la presidencia de Estados Unidos fue ratificada ayer por el Partido Republicano, dos d\u00edas despu\u00e9s del atentado que busc\u00f3 quitarle la vida al tambi\u00e9n expresidente. Con la herida en la oreja derecha cubierta por una gasa, Trump asisti\u00f3 a la apertura de la Convenci\u00f3n Nacional Republicana, ayer, en Milwaukee, [&hellip;]<\/p>\n","protected":false},"author":4,"featured_media":49152,"comment_status":"open","ping_status":"open","sticky":false,"template":"","format":"standard","meta":{"om_disable_all_campaigns":false,"_monsterinsights_skip_tracking":false,"_monsterinsights_sitenote_active":false,"_monsterinsights_sitenote_note":"","_monsterinsights_sitenote_category":0,"footnotes":""},"categories":[183],"tags":[],"class_list":["post-49151","post","type-post","status-publish","format-standard","has-post-thumbnail","hentry","category-internacional"],"amp_enabled":true,"_links":{"self":[{"href":"https:\/\/lahora.mx\/index.php\/wp-json\/wp\/v2\/posts\/49151","targetHints":{"allow":["GET"]}}],"collection":[{"href":"https:\/\/lahora.mx\/index.php\/wp-json\/wp\/v2\/posts"}],"about":[{"href":"https:\/\/lahora.mx\/index.php\/wp-json\/wp\/v2\/types\/post"}],"author":[{"embeddable":true,"href":"https:\/\/lahora.mx\/index.php\/wp-json\/wp\/v2\/users\/4"}],"replies":[{"embeddable":true,"href":"https:\/\/lahora.mx\/index.php\/wp-json\/wp\/v2\/comments?post=49151"}],"version-history":[{"count":1,"href":"https:\/\/lahora.mx\/index.php\/wp-json\/wp\/v2\/posts\/49151\/revisions"}],"predecessor-version":[{"id":49153,"href":"https:\/\/lahora.mx\/index.php\/wp-json\/wp\/v2\/posts\/49151\/revisions\/49153"}],"wp:featuredmedia":[{"embeddable":true,"href":"https:\/\/lahora.mx\/index.php\/wp-json\/wp\/v2\/media\/49152"}],"wp:attachment":[{"href":"https:\/\/lahora.mx\/index.php\/wp-json\/wp\/v2\/media?parent=49151"}],"wp:term":[{"taxonomy":"category","embeddable":true,"href":"https:\/\/lahora.mx\/index.php\/wp-json\/wp\/v2\/categories?post=49151"},{"taxonomy":"post_tag","embeddable":true,"href":"https:\/\/lahora.mx\/index.php\/wp-json\/wp\/v2\/tags?post=49151"}],"curies":[{"name":"wp","href":"https:\/\/api.w.org\/{rel}","templated":true}]}}