{"id":49125,"date":"2024-07-16T01:21:21","date_gmt":"2024-07-16T01:21:21","guid":{"rendered":"http:\/\/lahora.mx\/?p=49125"},"modified":"2024-07-16T01:21:22","modified_gmt":"2024-07-16T01:21:22","slug":"donald-trump-candidato-presidencial-oficial-del-partido-republicano","status":"publish","type":"post","link":"https:\/\/lahora.mx\/index.php\/2024\/07\/16\/donald-trump-candidato-presidencial-oficial-del-partido-republicano\/","title":{"rendered":"Donald Trump candidato presidencial oficial del partido republicano"},"content":{"rendered":"\n<p>El expresidente Donald Trump, quien durante meses fue el presunto nominado republicano, recibi\u00f3 este lunes suficientes votos de los delegados para convertirse en el candidato del partido.<\/p>\n\n\n\n<p>El empresario, quien sobrevivi\u00f3 a un intento de asesinato el 13 de julio, obtuvo una mayor\u00eda de votos de los delegados en la Convenci\u00f3n Nacional Republicana en Milwaukee, Wisconsin. Donald alcanz\u00f3 el umbral necesario con los votos de Florida y el anuncio fue hecho por su hijo, Eric Trump.<\/p>\n\n\n\n<p>Donald Trump encabezar\u00e1 al Partido Republicano en una tercera elecci\u00f3n consecutiva despu\u00e9s de su victoria sobre Hillary Clinton en 2016 y su derrota ante el actual presidente Joe Biden, en 2020.<\/p>\n\n\n\n<p>El exmandatario estadounidense anunci\u00f3 en su red social Truth Social que eligi\u00f3 al senador por Ohio J.D. Vance como su compa\u00f1ero de f\u00f3rmula, con lo que puso fin a meses de especulaciones sobre la persona a quien elegir\u00eda para la vicepresidencia.<\/p>\n\n\n\n<p>Vance, que fue elegido para el Senado de Estados Unidos en 2022 y prest\u00f3 juramento en enero de 2023, era un cr\u00edtico de Trump en 2016, pero desde entonces se convirti\u00f3 en un aliado del expresidente.<\/p>\n","protected":false},"excerpt":{"rendered":"<p>El expresidente Donald Trump, quien durante meses fue el presunto nominado republicano, recibi\u00f3 este lunes suficientes votos de los delegados para convertirse en el candidato del partido. El empresario, quien sobrevivi\u00f3 a un intento de asesinato el 13 de julio, obtuvo una mayor\u00eda de votos de los delegados en la Convenci\u00f3n Nacional Republicana en Milwaukee, [&hellip;]<\/p>\n","protected":false},"author":4,"featured_media":49126,"comment_status":"open","ping_status":"open","sticky":false,"template":"","format":"standard","meta":{"om_disable_all_campaigns":false,"_monsterinsights_skip_tracking":false,"_monsterinsights_sitenote_active":false,"_monsterinsights_sitenote_note":"","_monsterinsights_sitenote_category":0,"footnotes":""},"categories":[183],"tags":[195],"class_list":["post-49125","post","type-post","status-publish","format-standard","has-post-thumbnail","hentry","category-internacional","tag-principal"],"amp_enabled":true,"_links":{"self":[{"href":"https:\/\/lahora.mx\/index.php\/wp-json\/wp\/v2\/posts\/49125","targetHints":{"allow":["GET"]}}],"collection":[{"href":"https:\/\/lahora.mx\/index.php\/wp-json\/wp\/v2\/posts"}],"about":[{"href":"https:\/\/lahora.mx\/index.php\/wp-json\/wp\/v2\/types\/post"}],"author":[{"embeddable":true,"href":"https:\/\/lahora.mx\/index.php\/wp-json\/wp\/v2\/users\/4"}],"replies":[{"embeddable":true,"href":"https:\/\/lahora.mx\/index.php\/wp-json\/wp\/v2\/comments?post=49125"}],"version-history":[{"count":1,"href":"https:\/\/lahora.mx\/index.php\/wp-json\/wp\/v2\/posts\/49125\/revisions"}],"predecessor-version":[{"id":49127,"href":"https:\/\/lahora.mx\/index.php\/wp-json\/wp\/v2\/posts\/49125\/revisions\/49127"}],"wp:featuredmedia":[{"embeddable":true,"href":"https:\/\/lahora.mx\/index.php\/wp-json\/wp\/v2\/media\/49126"}],"wp:attachment":[{"href":"https:\/\/lahora.mx\/index.php\/wp-json\/wp\/v2\/media?parent=49125"}],"wp:term":[{"taxonomy":"category","embeddable":true,"href":"https:\/\/lahora.mx\/index.php\/wp-json\/wp\/v2\/categories?post=49125"},{"taxonomy":"post_tag","embeddable":true,"href":"https:\/\/lahora.mx\/index.php\/wp-json\/wp\/v2\/tags?post=49125"}],"curies":[{"name":"wp","href":"https:\/\/api.w.org\/{rel}","templated":true}]}}