{"id":4912,"date":"2022-04-01T01:14:20","date_gmt":"2022-04-01T01:14:20","guid":{"rendered":"http:\/\/lahora.mx\/?p=4912"},"modified":"2022-04-01T01:14:21","modified_gmt":"2022-04-01T01:14:21","slug":"nuevo-paro-tecnico-en-vw-no-tienen-los-componentes-necesarios","status":"publish","type":"post","link":"https:\/\/lahora.mx\/index.php\/2022\/04\/01\/nuevo-paro-tecnico-en-vw-no-tienen-los-componentes-necesarios\/","title":{"rendered":"Nuevo paro t\u00e9cnico en VW no tienen los componentes necesarios"},"content":{"rendered":"\n<p>El&nbsp;<strong>Sindicato de Trabajadores Independientes de la Industria Automotriz, Similares y Conexos Volkswagen de M\u00e9xico<\/strong>, (Sitiavw) inform\u00f3 que el&nbsp;<strong>segmento 1 Jetta<\/strong>&nbsp;se ir\u00e1 a paro t\u00e9cnico por falta de componentes.<\/p>\n\n\n\n<p>A trav\u00e9s de un comunicado explic\u00f3 que el paro para el\u00a0<strong>primer turno del segmento Jetta 1<\/strong>\u00a0se llevar\u00e1 a cabo los d\u00edas 31 de marzo y 1 de abril, fechas que corresponden a la semana 13. En la semana 14, el primer turno no laborar\u00e1 el 4 de abril.<br><\/p>\n\n\n\n<p>Respecto a los&nbsp;<strong>ajustes salariales<\/strong>, el Sititavw inform\u00f3 que para la semana 13 ser\u00e1 de 87.86 por ciento y del 93.93 por ciento para la semana 14.<\/p>\n\n\n\n<p>Aclar\u00f3 que los trabajadores podr\u00edan tomar estos d\u00edas de sus vacaciones, si cuentan con saldo disponible.<\/p>\n\n\n\n<p><strong>La falta de componentes da\u00f1\u00f3 a la industria automotriz en Puebla<\/strong>\u00a0durante 2021, por lo que el sindicato aclar\u00f3 que es un problema externo.<br>\u201cSolicitamos su comprensi\u00f3n, debido a que se trata de circunstancias ajenas a la voluntad de las partes, continuaremos informando cualquier eventualidad sobre el tema\u201d, se\u00f1al\u00f3.<\/p>\n","protected":false},"excerpt":{"rendered":"<p>El&nbsp;Sindicato de Trabajadores Independientes de la Industria Automotriz, Similares y Conexos Volkswagen de M\u00e9xico, (Sitiavw) inform\u00f3 que el&nbsp;segmento 1 Jetta&nbsp;se ir\u00e1 a paro t\u00e9cnico por falta de componentes. A trav\u00e9s de un comunicado explic\u00f3 que el paro para el\u00a0primer turno del segmento Jetta 1\u00a0se llevar\u00e1 a cabo los d\u00edas 31 de marzo y 1 de [&hellip;]<\/p>\n","protected":false},"author":4,"featured_media":4913,"comment_status":"open","ping_status":"open","sticky":false,"template":"","format":"standard","meta":{"om_disable_all_campaigns":false,"_monsterinsights_skip_tracking":false,"_monsterinsights_sitenote_active":false,"_monsterinsights_sitenote_note":"","_monsterinsights_sitenote_category":0,"footnotes":""},"categories":[175,176],"tags":[223],"class_list":["post-4912","post","type-post","status-publish","format-standard","has-post-thumbnail","hentry","category-local","category-nacional","tag-puebla"],"amp_enabled":true,"_links":{"self":[{"href":"https:\/\/lahora.mx\/index.php\/wp-json\/wp\/v2\/posts\/4912","targetHints":{"allow":["GET"]}}],"collection":[{"href":"https:\/\/lahora.mx\/index.php\/wp-json\/wp\/v2\/posts"}],"about":[{"href":"https:\/\/lahora.mx\/index.php\/wp-json\/wp\/v2\/types\/post"}],"author":[{"embeddable":true,"href":"https:\/\/lahora.mx\/index.php\/wp-json\/wp\/v2\/users\/4"}],"replies":[{"embeddable":true,"href":"https:\/\/lahora.mx\/index.php\/wp-json\/wp\/v2\/comments?post=4912"}],"version-history":[{"count":1,"href":"https:\/\/lahora.mx\/index.php\/wp-json\/wp\/v2\/posts\/4912\/revisions"}],"predecessor-version":[{"id":4914,"href":"https:\/\/lahora.mx\/index.php\/wp-json\/wp\/v2\/posts\/4912\/revisions\/4914"}],"wp:featuredmedia":[{"embeddable":true,"href":"https:\/\/lahora.mx\/index.php\/wp-json\/wp\/v2\/media\/4913"}],"wp:attachment":[{"href":"https:\/\/lahora.mx\/index.php\/wp-json\/wp\/v2\/media?parent=4912"}],"wp:term":[{"taxonomy":"category","embeddable":true,"href":"https:\/\/lahora.mx\/index.php\/wp-json\/wp\/v2\/categories?post=4912"},{"taxonomy":"post_tag","embeddable":true,"href":"https:\/\/lahora.mx\/index.php\/wp-json\/wp\/v2\/tags?post=4912"}],"curies":[{"name":"wp","href":"https:\/\/api.w.org\/{rel}","templated":true}]}}