{"id":49104,"date":"2024-07-15T17:19:50","date_gmt":"2024-07-15T17:19:50","guid":{"rendered":"http:\/\/lahora.mx\/?p=49104"},"modified":"2024-07-15T17:19:50","modified_gmt":"2024-07-15T17:19:50","slug":"camioneta-arrolla-a-mas-de-10-personas-en-fiesta-de-martinez-de-la-torre","status":"publish","type":"post","link":"https:\/\/lahora.mx\/index.php\/2024\/07\/15\/camioneta-arrolla-a-mas-de-10-personas-en-fiesta-de-martinez-de-la-torre\/","title":{"rendered":"Camioneta arrolla a m\u00e1s de 10 personas en fiesta de Mart\u00ednez de la Torre"},"content":{"rendered":"\n<p class=\"wp-block-paragraph\">Una camioneta arroll\u00f3 a m\u00e1s de 10 personas que se encontraban en la celebraci\u00f3n de las fiestas de la Virgen del Carmen en una comunidad perteneciente al municipio de Mart\u00ednez de la Torre, del estado de Veracruz.<\/p>\n\n\n\n<p class=\"wp-block-paragraph\">El accidente ocurri\u00f3 la noche de ayer domingo 14 de julio, en la loicalidad Paso de Largo, que se ubica en la zona norte de la entidad costera; aunque los primeros informes se\u00f1alaron 10 personas heridas, extraoficialmente se habla de hasta 15 asistentes afectados por el impacto.<\/p>\n\n\n\n<p class=\"wp-block-paragraph\">De acuerdo con los primeros reportes, el conductor del veh\u00edculo fue identificado como Rub\u00e9n N., quien conduc\u00eda una camioneta Silverado color rojo, en su remolque llevaba un carro aleg\u00f3rico propiedad del subagente municipal.<\/p>\n\n\n\n<p class=\"wp-block-paragraph\">Testimonios relataron que minutos despu\u00e9s de comenzar su recorrido, el conductor perdi\u00f3 el control de la camioneta y se impact\u00f3 en contra varios puestos de la feria; tambi\u00e9n arroll\u00f3 a las personas que se encontraban en el festejo de las fiestas patronales.<br>Por este m\u00faltiple atropellamiento, varias ambulancias de la Cruz Roja se trasladaron de emergencia al lugar apenas se inform\u00f3 el suceso. Los cuerpos de emergencia trasladaron a todos los lesionados a diversos hospitales para determinar la gravedad de sus lesiones.<\/p>\n","protected":false},"excerpt":{"rendered":"<p>Una camioneta arroll\u00f3 a m\u00e1s de 10 personas que se encontraban en la celebraci\u00f3n de las fiestas de la Virgen del Carmen en una comunidad perteneciente al municipio de Mart\u00ednez de la Torre, del estado de Veracruz. El accidente ocurri\u00f3 la noche de ayer domingo 14 de julio, en la loicalidad Paso de Largo, que [&hellip;]<\/p>\n","protected":false},"author":4,"featured_media":49105,"comment_status":"open","ping_status":"open","sticky":false,"template":"","format":"standard","meta":{"om_disable_all_campaigns":false,"_monsterinsights_skip_tracking":false,"footnotes":""},"categories":[175,226],"tags":[223],"class_list":["post-49104","post","type-post","status-publish","format-standard","has-post-thumbnail","hentry","category-local","category-policia","tag-puebla"],"amp_enabled":true,"_links":{"self":[{"href":"https:\/\/lahora.mx\/index.php\/wp-json\/wp\/v2\/posts\/49104","targetHints":{"allow":["GET"]}}],"collection":[{"href":"https:\/\/lahora.mx\/index.php\/wp-json\/wp\/v2\/posts"}],"about":[{"href":"https:\/\/lahora.mx\/index.php\/wp-json\/wp\/v2\/types\/post"}],"author":[{"embeddable":true,"href":"https:\/\/lahora.mx\/index.php\/wp-json\/wp\/v2\/users\/4"}],"replies":[{"embeddable":true,"href":"https:\/\/lahora.mx\/index.php\/wp-json\/wp\/v2\/comments?post=49104"}],"version-history":[{"count":1,"href":"https:\/\/lahora.mx\/index.php\/wp-json\/wp\/v2\/posts\/49104\/revisions"}],"predecessor-version":[{"id":49106,"href":"https:\/\/lahora.mx\/index.php\/wp-json\/wp\/v2\/posts\/49104\/revisions\/49106"}],"wp:featuredmedia":[{"embeddable":true,"href":"https:\/\/lahora.mx\/index.php\/wp-json\/wp\/v2\/media\/49105"}],"wp:attachment":[{"href":"https:\/\/lahora.mx\/index.php\/wp-json\/wp\/v2\/media?parent=49104"}],"wp:term":[{"taxonomy":"category","embeddable":true,"href":"https:\/\/lahora.mx\/index.php\/wp-json\/wp\/v2\/categories?post=49104"},{"taxonomy":"post_tag","embeddable":true,"href":"https:\/\/lahora.mx\/index.php\/wp-json\/wp\/v2\/tags?post=49104"}],"curies":[{"name":"wp","href":"https:\/\/api.w.org\/{rel}","templated":true}]}}