{"id":49066,"date":"2024-07-15T00:55:26","date_gmt":"2024-07-15T00:55:26","guid":{"rendered":"http:\/\/lahora.mx\/?p=49066"},"modified":"2024-07-15T00:55:26","modified_gmt":"2024-07-15T00:55:26","slug":"nino-cae-del-mirador-de-cristal-en-atlixco","status":"publish","type":"post","link":"https:\/\/lahora.mx\/index.php\/2024\/07\/15\/nino-cae-del-mirador-de-cristal-en-atlixco\/","title":{"rendered":"Ni\u00f1o cae del mirador de cristal en Atlixco"},"content":{"rendered":"\n<p>Un peque\u00f1o de 3 a\u00f1os de edad que se encontraba de visita en el mirador de cristal de Atlixco, cay\u00f3 por una de las rendijas y se golpe\u00f3 la cabeza. Los hechos ocurrieron alrededor de las 15:20 hrs., frente a turistas que se encontraban en el sitio.<\/p>\n\n\n\n<p>De acuerdo a la madre del menor, son provenientes de la ciudad de Puebla, admiraban al volc\u00e1n Popocat\u00e9petl cuando en un descuido, el ni\u00f1o se aproxim\u00f3 a una de las aberturas y cay\u00f3.<\/p>\n\n\n\n<p>Afortunadamente el menor cay\u00f3 en la base de un lateral del cerro, misma que permiti\u00f3 que el menor no cayera al vac\u00edo, sin embargo s\u00ed se caus\u00f3 una lesi\u00f3n en la cabeza. Personal del mirador, llam\u00f3 a los n\u00fameros de emergencia, por lo que arribaron elementos de seguridad p\u00fablica, protecci\u00f3n civil y param\u00e9dicos para brindar la atenci\u00f3n necesaria.<\/p>\n\n\n\n<p>Tras poner a salvo al ni\u00f1o y realizarle una extensa valoraci\u00f3n, lo trasladaron al Complejo M\u00e9dico Gonzalo R\u00edo Arronte, donde ya le esperaban especialistas.<br>La madre del menor acept\u00f3 ante las autoridades, que fue un descuido de su parte ya que no lo vigilaba.<\/p>\n","protected":false},"excerpt":{"rendered":"<p>Un peque\u00f1o de 3 a\u00f1os de edad que se encontraba de visita en el mirador de cristal de Atlixco, cay\u00f3 por una de las rendijas y se golpe\u00f3 la cabeza. Los hechos ocurrieron alrededor de las 15:20 hrs., frente a turistas que se encontraban en el sitio. De acuerdo a la madre del menor, son [&hellip;]<\/p>\n","protected":false},"author":4,"featured_media":49067,"comment_status":"open","ping_status":"open","sticky":false,"template":"","format":"standard","meta":{"om_disable_all_campaigns":false,"_monsterinsights_skip_tracking":false,"_monsterinsights_sitenote_active":false,"_monsterinsights_sitenote_note":"","_monsterinsights_sitenote_category":0,"footnotes":""},"categories":[175],"tags":[223],"class_list":["post-49066","post","type-post","status-publish","format-standard","has-post-thumbnail","hentry","category-local","tag-puebla"],"amp_enabled":true,"_links":{"self":[{"href":"https:\/\/lahora.mx\/index.php\/wp-json\/wp\/v2\/posts\/49066","targetHints":{"allow":["GET"]}}],"collection":[{"href":"https:\/\/lahora.mx\/index.php\/wp-json\/wp\/v2\/posts"}],"about":[{"href":"https:\/\/lahora.mx\/index.php\/wp-json\/wp\/v2\/types\/post"}],"author":[{"embeddable":true,"href":"https:\/\/lahora.mx\/index.php\/wp-json\/wp\/v2\/users\/4"}],"replies":[{"embeddable":true,"href":"https:\/\/lahora.mx\/index.php\/wp-json\/wp\/v2\/comments?post=49066"}],"version-history":[{"count":1,"href":"https:\/\/lahora.mx\/index.php\/wp-json\/wp\/v2\/posts\/49066\/revisions"}],"predecessor-version":[{"id":49068,"href":"https:\/\/lahora.mx\/index.php\/wp-json\/wp\/v2\/posts\/49066\/revisions\/49068"}],"wp:featuredmedia":[{"embeddable":true,"href":"https:\/\/lahora.mx\/index.php\/wp-json\/wp\/v2\/media\/49067"}],"wp:attachment":[{"href":"https:\/\/lahora.mx\/index.php\/wp-json\/wp\/v2\/media?parent=49066"}],"wp:term":[{"taxonomy":"category","embeddable":true,"href":"https:\/\/lahora.mx\/index.php\/wp-json\/wp\/v2\/categories?post=49066"},{"taxonomy":"post_tag","embeddable":true,"href":"https:\/\/lahora.mx\/index.php\/wp-json\/wp\/v2\/tags?post=49066"}],"curies":[{"name":"wp","href":"https:\/\/api.w.org\/{rel}","templated":true}]}}