{"id":49060,"date":"2024-07-14T21:58:54","date_gmt":"2024-07-14T21:58:54","guid":{"rendered":"http:\/\/lahora.mx\/?p=49060"},"modified":"2024-07-14T21:58:54","modified_gmt":"2024-07-14T21:58:54","slug":"al-menos-15-palestinos-asesinados-en-un-bombardeo-contra-una-escuela-de-la-onu-en-el-centro-de-gaza","status":"publish","type":"post","link":"https:\/\/lahora.mx\/index.php\/2024\/07\/14\/al-menos-15-palestinos-asesinados-en-un-bombardeo-contra-una-escuela-de-la-onu-en-el-centro-de-gaza\/","title":{"rendered":"Al menos 15 palestinos asesinados en un bombardeo contra una escuela de la ONU en el centro de Gaza"},"content":{"rendered":"\n<p>Euskaraz irakurri: Gutxienez 13 hildako Israelek NBEren eskola baten kontra egindako erasoan<\/p>\n\n\n\n<p>Al menos 15personas han sido asesinadas este domingo y otras 80 han resultado heridas en un bombardeo israel\u00ed contra una escuela de Naciones Unidas en el campo de refugiados de Nuseirat, en el centro de Gaza, seg\u00fan fuentes m\u00e9dicas citadas en medios palestinos.<\/p>\n\n\n\n<p>Decenas de heridos llegan al hospital Al Awda de Nuseirat tras el ataque, que ha impactado en la escuela Abu Arban, en la que cientos de desplazados se refugiaban de los combates que asolan al territorio palestino.<\/p>\n\n\n\n<p>En v\u00eddeos difundidos en canales palestinos se observa a cientos de personas corriendo a trav\u00e9s del patio de la escuela, algunas cargando con heridos, mientras en la zona afectada decenas de civiles tratan de desenterrar a quienes han quedado atrapados entre los escombros, entre ellos un ni\u00f1o.<\/p>\n\n\n\n<p>En un comunicado, el Ej\u00e9rcito ha justificado el bombardeo contra la escuela asegurando que esta \u00abserv\u00eda como escondite e infraestructura de operaciones desde la que se planearon y llevaron acabo ataques contra las fuerzas armadas\u00bb. Han asegurado, adem\u00e1s, haber tratado de \u00abmitigar el riesgo de herir a civiles\u00bb utilizando municiones de precisi\u00f3n y otras medidas adicionales de inteligencia.<\/p>\n\n\n\n<p>Sin embargo, seg\u00fan denuncia Adnan Abu Hasna, asesor de medios de la UNRWA, \u00abnadie nos contact\u00f3 informando de la presencia de milicianos o personas en busca y captura dentro de la escuela\u00bb. Ha recordado, adem\u00e1s, que en total, unas 550 personas han muerto en centros como este y que, seg\u00fan el \u00faltimo informe de la agencia, 197 trabajadores de UNRWA han perdido la vida desde el 7 de octubre y 188 de sus instalaciones han resultado da\u00f1adas por los ataques israel\u00edes.<\/p>\n\n\n\n<p>Ataques en la Ciudad de Gaza durante la noche<\/p>\n\n\n\n<p>Al menos 17 personas han sido asesinadas y 50 han resultado heridas en ataques perpetrados por Israel en la Ciudad de Gaza esta madrugada, seg\u00fan fuentes palestinas de Emergencia Civil y Sanidad.<\/p>\n\n\n\n<p>Han sido al menos cuatro ataques en casas de cuatro \u00e1reas distintas de la ciudad. Testigos apuntan a que el Ej\u00e9rcito israel\u00ed ha atacado por aire y tierra.<\/p>\n\n\n\n<p>El balance de palestinos muertos a causa de la ofensiva militar desatada por Israel contra la Franja de Gaza hace meses tras los ataques del 7 de octubre ha superado ya los 38 500 mientras que la el n\u00famero de heridos se acerca a los 88 900, seg\u00fan las cifras oficiales del Ministerio de Sanidad de Gaza.<\/p>\n\n\n\n<p>Condena de la ONU<\/p>\n\n\n\n<p>El secretario general de Naciones Unidas, Ant\u00f3nio Guterres, ha condenado este s\u00e1bado la \u00abmatanza de civiles\u00bb, en respuesta al ataque perpetrado el s\u00e1bado por el Ej\u00e9rcito israel\u00ed en un campo de desplazados de Al Mawasi, cerca de Jan Yunis, dejando al menos 90 muertos y 300 heridos, la mitad de ellos mujeres y ni\u00f1os.<\/p>\n\n\n\n<p>El representante de la ONU ha asegurado estar \u00abconmocionado y entristecido por la p\u00e9rdida de vidas humanas\u00bb.<\/p>\n\n\n\n<p>El bombardeo, que estaba dirigido contra el alto militar de Ham\u00e1s, Mohamed Deif, y al comandante local del movimiento islamista en Jan Yunis, Rafa&#8217;a Salam\u00e9 (cuya muerte ha confirmado el ej\u00e9rcito israel\u00ed este domingo), ha tenido lugar en una zona densamente poblada \u00abdesignada como zona humanitaria de acogida de desplazados\u00bb, a pesar de que funcionarios israel\u00edes afirmaron que se trataba de un ataque de \u00abprecisi\u00f3n\u00bb.<\/p>\n\n\n\n<p>\u00abEsto subraya que ning\u00fan lugar es seguro en Gaza\u00bb, ha denunciado el portavoz del secretario general, St\u00e9phane Dujarric, al tiempo que ha reiterado una vez m\u00e1s la necesidad de un alto el fuego humanitario \u00abinmediato\u00bb, con \u00abtodos\u00bb los rehenes liberados inmediata e incondicionalmente\u00bb.<\/p>\n\n\n\n<p>Estas declaraciones se suman a las de la relatora especial de la ONU para los Territorios Palestinos Ocupados, Francesca Albanese, quien ha calificado el ataque de \u00abmatanza sin sentido\u00bb. \u00abLa justificaci\u00f3n es siempre la misma: &#8216;ataque contra milicianos palestinos&#8217; (\u2026) \u00bfCu\u00e1ndo va a parar el mundo esta m\u00e1quina de muerte?\u00bb, ha apelado desde su cuenta de la red social X.<\/p>\n","protected":false},"excerpt":{"rendered":"<p>Euskaraz irakurri: Gutxienez 13 hildako Israelek NBEren eskola baten kontra egindako erasoan Al menos 15personas han sido asesinadas este domingo y otras 80 han resultado heridas en un bombardeo israel\u00ed contra una escuela de Naciones Unidas en el campo de refugiados de Nuseirat, en el centro de Gaza, seg\u00fan fuentes m\u00e9dicas citadas en medios palestinos. [&hellip;]<\/p>\n","protected":false},"author":4,"featured_media":49061,"comment_status":"open","ping_status":"open","sticky":false,"template":"","format":"standard","meta":{"om_disable_all_campaigns":false,"_monsterinsights_skip_tracking":false,"_monsterinsights_sitenote_active":false,"_monsterinsights_sitenote_note":"","_monsterinsights_sitenote_category":0,"footnotes":""},"categories":[183],"tags":[195,223],"class_list":["post-49060","post","type-post","status-publish","format-standard","has-post-thumbnail","hentry","category-internacional","tag-principal","tag-puebla"],"amp_enabled":true,"_links":{"self":[{"href":"https:\/\/lahora.mx\/index.php\/wp-json\/wp\/v2\/posts\/49060","targetHints":{"allow":["GET"]}}],"collection":[{"href":"https:\/\/lahora.mx\/index.php\/wp-json\/wp\/v2\/posts"}],"about":[{"href":"https:\/\/lahora.mx\/index.php\/wp-json\/wp\/v2\/types\/post"}],"author":[{"embeddable":true,"href":"https:\/\/lahora.mx\/index.php\/wp-json\/wp\/v2\/users\/4"}],"replies":[{"embeddable":true,"href":"https:\/\/lahora.mx\/index.php\/wp-json\/wp\/v2\/comments?post=49060"}],"version-history":[{"count":1,"href":"https:\/\/lahora.mx\/index.php\/wp-json\/wp\/v2\/posts\/49060\/revisions"}],"predecessor-version":[{"id":49062,"href":"https:\/\/lahora.mx\/index.php\/wp-json\/wp\/v2\/posts\/49060\/revisions\/49062"}],"wp:featuredmedia":[{"embeddable":true,"href":"https:\/\/lahora.mx\/index.php\/wp-json\/wp\/v2\/media\/49061"}],"wp:attachment":[{"href":"https:\/\/lahora.mx\/index.php\/wp-json\/wp\/v2\/media?parent=49060"}],"wp:term":[{"taxonomy":"category","embeddable":true,"href":"https:\/\/lahora.mx\/index.php\/wp-json\/wp\/v2\/categories?post=49060"},{"taxonomy":"post_tag","embeddable":true,"href":"https:\/\/lahora.mx\/index.php\/wp-json\/wp\/v2\/tags?post=49060"}],"curies":[{"name":"wp","href":"https:\/\/api.w.org\/{rel}","templated":true}]}}