{"id":49032,"date":"2024-07-14T19:12:52","date_gmt":"2024-07-14T19:12:52","guid":{"rendered":"http:\/\/lahora.mx\/?p=49032"},"modified":"2024-07-14T19:12:53","modified_gmt":"2024-07-14T19:12:53","slug":"donald-trump-a-salvo-tras-intento-de-asesinato","status":"publish","type":"post","link":"https:\/\/lahora.mx\/index.php\/2024\/07\/14\/donald-trump-a-salvo-tras-intento-de-asesinato\/","title":{"rendered":"Donald Trump, a salvo tras intento de asesinato"},"content":{"rendered":"\n<p>\u201cLuchen, luchen, luchen\u201d. Esas fueron las primeras palabras del expresidente y virtual candidato presidencial republicano, Donald Trump, segundos despu\u00e9s de haber sido herido por lo que el Bur\u00f3 Federal de Investigaciones (FBI) investiga como un \u201cintento de asesinato\u201d y que marca un antes y un despu\u00e9s en la campa\u00f1a para las elecciones de noviembre.<\/p>\n\n\n\n<p>Trump, de 78 a\u00f1os, result\u00f3 herido por un roz\u00f3n de bala cuando arrancaba un mitin en Butler, Pennsylvania. Agentes del Servicio Secreto de inmediato dieron la orden de que se tirara al piso y lo cubrieron, mientras el tirador, quien dispar\u00f3 desde fuera del recinto donde se realizaba el mitin, era neutralizado. Tanto el tirador como una persona asistente al mitin murieron, mientras que otras dos personas resultaron heridas de gravedad.<\/p>\n\n\n\n<p>Una vez que se dio la orden de levantar a Trump y llev\u00e1rselo, \u00e9ste, en una r\u00e1pida reacci\u00f3n, levant\u00f3 el pu\u00f1o en alto mientras gritaba: \u201c\u00a1Luchen, luchen, luchen!\u201d. Los agentes lo sacaron del lugar y lo trasladaron al hospital, pero la imagen, captada por la agencia Associated Press, dio la vuelta al mundo en segundos.<\/p>\n\n\n\n<p>El Servicio Secreto confirm\u00f3 que \u201cneutraliz\u00f3\u201d al autor del tiroteo, quien dispar\u00f3 desde \u201cuna posici\u00f3n elevada\u201d, fuera del recinto. \u201cEl expresidente Trump est\u00e1 a salvo\u201d.<\/p>\n\n\n\n<p>El FBI asumi\u00f3 el liderazgo de las investigaciones sobre el tiroteo.<\/p>\n\n\n\n<p>Una mujer que se identific\u00f3 como Erin estaba sentada en primera fila, delante de Trump, cuando sonaron los disparos. \u201cNadie estaba preocupado por nosotros. S\u00f3lo est\u00e1bamos preocupados por \u00e9l\u201d, dijo a NBC News, al aludir a Trump.<\/p>\n\n\n\n<p>Otro testigo afirm\u00f3 a BBC News que vieron al tirador con un rifle y avisaron a la polic\u00eda. Su relato no pudeo ser verificado por otra fuente.<\/p>\n\n\n\n<p>Un hombre que se identific\u00f3 como Joseph dijo que vio a otro de los asistentes al mitin caer al suelo, muerto, tras haber recibido un disparo en la cabeza.<\/p>\n\n\n\n<p>Explic\u00f3 que escuch\u00f3 \u201cvarios disparos\u201d y vio a esa persona, que estaba a unos metros de \u00e9l, caer al fondo de las gradas tras recibir el disparo. Joseph detall\u00f3 que ayud\u00f3 a los agentes a sacar al hombre de las gradas y llevarlo a una tienda cercana, pero nada se pudo hacer por \u00e9l.<\/p>\n\n\n\n<p>Trump confirm\u00f3 en su red Truth Social que fue una bala la que le alcanz\u00f3 la oreja derecha. \u201cMe dispararon con una bala que atraves\u00f3 la parte superior de mi oreja derecha. Supe inmediatamente que algo andaba mal porque escuch\u00e9 un zumbido, disparos e inmediatamente sent\u00ed la bala atravesando la piel. Sangr\u00e9 mucho y me di cuenta de lo que estaba pasando\u201d.<\/p>\n\n\n\n<p>Animal pol\u00edtico por naturaleza y sabedor de lo que este ataque puede redituarle en t\u00e9rminos pol\u00edticos, espet\u00f3: \u201cIncre\u00edble que algo as\u00ed pueda pasar en nuestro pa\u00eds\u201d.<\/p>\n\n\n\n<p>Los hijos hicieron lo propio. \u201cNunca dejar\u00e1 de luchar para salvar a Estados Unidos\u201d, poste\u00f3 Donald Trump Jr. en X. \u201cEste es el luchador que Estados Unidos necesita\u201d, escribi\u00f3 Eric Trump. Ivanka agradeci\u00f3 las oraciones para su padre y a los \u201cagentes de la ley por su r\u00e1pida respuesta. Seguir\u00e9 rezando por nuestro pa\u00eds\u201d.<\/p>\n\n\n\n<p>Se trata del primer ataque contra un presidente o expresidente en Estados Unidos, desde que en 1981 recibi\u00f3 un balazo. Un hombre que quer\u00eda matar a Barack Obama dispar\u00f3 contra la Casa Blanca, pero el mandatario result\u00f3 ileso.<\/p>\n\n\n\n<p>\u201cNo hay lugar para este tipo de violencia\u201d, reaccion\u00f3 inmediatamente despu\u00e9s del tiroteo el presidente Joe Biden, posible rival del republicano en las elecciones del 5 de noviembre. \u201cNo podemos ser as\u00ed\u201d, dijo en un comunicado, antes de agregar que est\u00e1 \u201cagradecido de escuchar que [Trump] est\u00e1 a salvo y que se encuentra bien\u201d. Biden afirm\u00f3 estar \u201crezando por \u00e9l y su familia y por todos los que estaban en el mitin, mientras esperamos m\u00e1s informaci\u00f3n\u201d. A\u00f1adi\u00f3 que \u201cdebemos unirnos como naci\u00f3n para condenar\u201d la violencia.<\/p>\n\n\n\n<p>La Casa Blanca asegur\u00f3 que Biden llam\u00f3 a Trump tras el tiroteo.<\/p>\n\n\n\n<p>Convenci\u00f3n va, dicen republicanos<\/p>\n\n\n\n<p>El de ayer era el \u00faltimo mitin de Trump antes de la Convenci\u00f3n Republicana de Milwaukee, que seg\u00fan dijo el Partido Republicano, sigue adelante, a partir de este lunes. En este evento, Trump ser\u00e1 nominado oficialmente como candidato presidencial republicano, y el magnate anunciar\u00e1 a quien ser\u00e1 su compa\u00f1ero de f\u00f3rmula. Entre quienes suenan, el senador J.D Vance poste\u00f3 que \u201clo de hoy no es un incidente aislado. La premisa central de la campa\u00f1a de Biden es que el presidente Donald Trump es un fascista autoritario al que hay que detener a toda costa. Esa ret\u00f3rica condujo directamente al intento de asesinato del presidente Trump\u201d. El senador Marco Rubio, otro de los favoritos, dijo que \u201cDios lo protegi\u00f3\u201d.<\/p>\n\n\n\n<p>Otros republicanos atizaban el fuego. El senador por Florida Rick culp\u00f3 a \u201clos dem\u00f3cratas y los liberales en los medios de comunicaci\u00f3n\u201d por su ret\u00f3rica sobre Trump, y el representante Mike Collins, republicano de Georgia, se\u00f1al\u00f3 directamente a Biden de \u201cincitar a un asesinato\u201d.<\/p>\n\n\n\n<p>Uno de los grandes temores, a ra\u00edz de este ataque, es que se pueda desatar la violencia contra l\u00edderes pol\u00edticos. En este sentido, el secretario de Seguridad Nacional (DHS), Nacional, Alejandro Mayorkas, dijo que la agencia, que incluye al Servicio Secreto de Estados Unidos, est\u00e1 trabajando para \u201cgarantizar la seguridad\u201d de Biden y Trump.<\/p>\n\n\n\n<p>Hasta el cierre de esta edici\u00f3n, la identidad del agresor o sus motivaciones no se hab\u00edan dado a conocer. Medios se\u00f1alaban que se investiga a un joven de 20 a\u00f1os, originario de Pennsylvania, pero en su conferencia el FBI dijo que a\u00fan no est\u00e1 en posibilidad de identificar al autor y por qu\u00e9 hizo lo que hizo, o si actu\u00f3 en solitario.<\/p>\n","protected":false},"excerpt":{"rendered":"<p>\u201cLuchen, luchen, luchen\u201d. Esas fueron las primeras palabras del expresidente y virtual candidato presidencial republicano, Donald Trump, segundos despu\u00e9s de haber sido herido por lo que el Bur\u00f3 Federal de Investigaciones (FBI) investiga como un \u201cintento de asesinato\u201d y que marca un antes y un despu\u00e9s en la campa\u00f1a para las elecciones de noviembre. Trump, [&hellip;]<\/p>\n","protected":false},"author":4,"featured_media":49033,"comment_status":"open","ping_status":"open","sticky":false,"template":"","format":"standard","meta":{"om_disable_all_campaigns":false,"_monsterinsights_skip_tracking":false,"_monsterinsights_sitenote_active":false,"_monsterinsights_sitenote_note":"","_monsterinsights_sitenote_category":0,"footnotes":""},"categories":[183],"tags":[195],"class_list":["post-49032","post","type-post","status-publish","format-standard","has-post-thumbnail","hentry","category-internacional","tag-principal"],"amp_enabled":true,"_links":{"self":[{"href":"https:\/\/lahora.mx\/index.php\/wp-json\/wp\/v2\/posts\/49032","targetHints":{"allow":["GET"]}}],"collection":[{"href":"https:\/\/lahora.mx\/index.php\/wp-json\/wp\/v2\/posts"}],"about":[{"href":"https:\/\/lahora.mx\/index.php\/wp-json\/wp\/v2\/types\/post"}],"author":[{"embeddable":true,"href":"https:\/\/lahora.mx\/index.php\/wp-json\/wp\/v2\/users\/4"}],"replies":[{"embeddable":true,"href":"https:\/\/lahora.mx\/index.php\/wp-json\/wp\/v2\/comments?post=49032"}],"version-history":[{"count":1,"href":"https:\/\/lahora.mx\/index.php\/wp-json\/wp\/v2\/posts\/49032\/revisions"}],"predecessor-version":[{"id":49034,"href":"https:\/\/lahora.mx\/index.php\/wp-json\/wp\/v2\/posts\/49032\/revisions\/49034"}],"wp:featuredmedia":[{"embeddable":true,"href":"https:\/\/lahora.mx\/index.php\/wp-json\/wp\/v2\/media\/49033"}],"wp:attachment":[{"href":"https:\/\/lahora.mx\/index.php\/wp-json\/wp\/v2\/media?parent=49032"}],"wp:term":[{"taxonomy":"category","embeddable":true,"href":"https:\/\/lahora.mx\/index.php\/wp-json\/wp\/v2\/categories?post=49032"},{"taxonomy":"post_tag","embeddable":true,"href":"https:\/\/lahora.mx\/index.php\/wp-json\/wp\/v2\/tags?post=49032"}],"curies":[{"name":"wp","href":"https:\/\/api.w.org\/{rel}","templated":true}]}}