{"id":49015,"date":"2024-07-14T00:22:00","date_gmt":"2024-07-14T00:22:00","guid":{"rendered":"http:\/\/lahora.mx\/?p=49015"},"modified":"2024-08-05T15:59:49","modified_gmt":"2024-08-05T15:59:49","slug":"aprueba-comision-del-congreso-reformas-al-codigo-penal-sobre-el-aborto","status":"publish","type":"post","link":"https:\/\/lahora.mx\/index.php\/2024\/07\/14\/aprueba-comision-del-congreso-reformas-al-codigo-penal-sobre-el-aborto\/","title":{"rendered":"Aprueba Comisi\u00f3n del Congreso reformas al C\u00f3digo Penal sobre el aborto"},"content":{"rendered":"\n<p>La Comisi\u00f3n de Procuraci\u00f3n y Administraci\u00f3n de Justicia de la LXI Legislatura aprob\u00f3 el dictamen \u2014con 5 votos a favor y una abstenci\u00f3n\u2014, mediante el cual se reforma el C\u00f3digo Penal del Estado, para establecer que el aborto es la interrupci\u00f3n del embarazo despu\u00e9s de la d\u00e9cimo segunda semana de gestaci\u00f3n.<\/p>\n\n\n\n<p>Las reformas se realizaron a los art\u00edculos 339, 340, 341, 342 y 343 del C\u00f3digo Penal del Estado Libre y Soberano de Puebla; en las modificaciones, se establece que se impondr\u00e1n de seis meses a un a\u00f1o de prisi\u00f3n a la mujer o persona gestante que voluntariamente procure su aborto o consienta que otro la haga abortar, despu\u00e9s de las 12 semanas de embarazo.<\/p>\n\n\n\n<p>Adem\u00e1s, se precisa que, al que hiciere abortar a una mujer o persona gestante con consentimiento de ella, despu\u00e9s de la d\u00e9cimo segunda semana de gestaci\u00f3n, se le aplicar\u00e1n de uno a tres a\u00f1os de prisi\u00f3n, sea cual fuere el medio que empleare.<\/p>\n\n\n\n<p>En las reformas, se considera el aborto forzado como la interrupci\u00f3n del embarazo, en cualquier momento de la gestaci\u00f3n, sin el consentimiento de la mujer o persona gestante, hecho que se castigar\u00e1 con cuatro a ocho a\u00f1os de prisi\u00f3n; la pena ser\u00e1 de ocho a 10 a\u00f1os de prisi\u00f3n si se aplica violencia f\u00edsica o moral.<\/p>\n\n\n\n<p>Como parte del dictamen, se estableci\u00f3 que el aborto no ser\u00e1 sancionable en los siguientes casos: cuando sea causado solo por imprudencia de la mujer o persona gestante; cuando el embarazo sea el resultado de una violaci\u00f3n o de una inseminaci\u00f3n artificial no consentida; cuando de no provocarse el aborto, la mujer o persona gestante corra peligro de muerte.<\/p>\n\n\n\n<p>Asimismo, cuando a juicio de un m\u00e9dico especialista exista raz\u00f3n suficiente para diagnosticar que el producto presenta alteraciones gen\u00e9ticas o cong\u00e9nitas que puedan dar como resultado da\u00f1os f\u00edsicos o mentales en el mismo, siempre que se determine mediante dictamen m\u00e9dico y se tenga el consentimiento de la mujer o persona gestante.<\/p>\n\n\n\n<p>Durante la discusi\u00f3n del dictamen, los diputados Jos\u00e9 Miguel Espinosa de los Monteros Gil y Fernando S\u00e1nchez Sasia se\u00f1alaron que es necesario analizar el tema a fondo, para tomar en cuenta las diferentes voces, as\u00ed como atender las dudas respecto a las implicaciones que tendr\u00e1n estas reformas.<\/p>\n","protected":false},"excerpt":{"rendered":"<p>La Comisi\u00f3n de Procuraci\u00f3n y Administraci\u00f3n de Justicia de la LXI Legislatura aprob\u00f3 el dictamen \u2014con 5 votos a favor y una abstenci\u00f3n\u2014, mediante el cual se reforma el C\u00f3digo Penal del Estado, para establecer que el aborto es la interrupci\u00f3n del embarazo despu\u00e9s de la d\u00e9cimo segunda semana de gestaci\u00f3n. Las reformas se realizaron [&hellip;]<\/p>\n","protected":false},"author":4,"featured_media":49016,"comment_status":"open","ping_status":"open","sticky":false,"template":"","format":"standard","meta":{"om_disable_all_campaigns":false,"_monsterinsights_skip_tracking":false,"_monsterinsights_sitenote_active":false,"_monsterinsights_sitenote_note":"","_monsterinsights_sitenote_category":0,"footnotes":""},"categories":[175],"tags":[227,195,223],"class_list":["post-49015","post","type-post","status-publish","format-standard","has-post-thumbnail","hentry","category-local","tag-congreso","tag-principal","tag-puebla"],"amp_enabled":true,"_links":{"self":[{"href":"https:\/\/lahora.mx\/index.php\/wp-json\/wp\/v2\/posts\/49015","targetHints":{"allow":["GET"]}}],"collection":[{"href":"https:\/\/lahora.mx\/index.php\/wp-json\/wp\/v2\/posts"}],"about":[{"href":"https:\/\/lahora.mx\/index.php\/wp-json\/wp\/v2\/types\/post"}],"author":[{"embeddable":true,"href":"https:\/\/lahora.mx\/index.php\/wp-json\/wp\/v2\/users\/4"}],"replies":[{"embeddable":true,"href":"https:\/\/lahora.mx\/index.php\/wp-json\/wp\/v2\/comments?post=49015"}],"version-history":[{"count":1,"href":"https:\/\/lahora.mx\/index.php\/wp-json\/wp\/v2\/posts\/49015\/revisions"}],"predecessor-version":[{"id":49017,"href":"https:\/\/lahora.mx\/index.php\/wp-json\/wp\/v2\/posts\/49015\/revisions\/49017"}],"wp:featuredmedia":[{"embeddable":true,"href":"https:\/\/lahora.mx\/index.php\/wp-json\/wp\/v2\/media\/49016"}],"wp:attachment":[{"href":"https:\/\/lahora.mx\/index.php\/wp-json\/wp\/v2\/media?parent=49015"}],"wp:term":[{"taxonomy":"category","embeddable":true,"href":"https:\/\/lahora.mx\/index.php\/wp-json\/wp\/v2\/categories?post=49015"},{"taxonomy":"post_tag","embeddable":true,"href":"https:\/\/lahora.mx\/index.php\/wp-json\/wp\/v2\/tags?post=49015"}],"curies":[{"name":"wp","href":"https:\/\/api.w.org\/{rel}","templated":true}]}}