{"id":48910,"date":"2024-07-11T01:09:31","date_gmt":"2024-07-11T01:09:31","guid":{"rendered":"http:\/\/lahora.mx\/?p=48910"},"modified":"2024-07-11T01:09:32","modified_gmt":"2024-07-11T01:09:32","slug":"inicia-produccion-del-nuevo-jetta-en-puebla-por-volkswagen-de-mexico","status":"publish","type":"post","link":"https:\/\/lahora.mx\/index.php\/2024\/07\/11\/inicia-produccion-del-nuevo-jetta-en-puebla-por-volkswagen-de-mexico\/","title":{"rendered":"Inicia producci\u00f3n del nuevo Jetta en Puebla por Volkswagen de M\u00e9xico"},"content":{"rendered":"\n<p>Esta unidad vendr\u00e1 a fortalecer las plantas de Puebla y de Silao dentro de la red de manufactura de la regi\u00f3n, pues en la f\u00e1brica hermana se producir\u00e1n dos de los motores para este sed\u00e1n.<\/p>\n\n\n\n<p>Por su parte, Carlos Henry, director de la marca Volkswagen en M\u00e9xico, coment\u00f3 que el Jetta ha sido uno de los autos m\u00e1s vendidos de la marca, por lo que se ha convertido en un referente para la industria automotriz del pa\u00eds.<\/p>\n\n\n\n<p>\u201cDesde que Jetta lleg\u00f3 al mercado mexicano, en 1981, en su primera generaci\u00f3n, ha sido uno de los autos m\u00e1s vendidos de la marca. Con el tiempo, este modelo ha evolucionado, se ha vuelto m\u00e1s grande, m\u00e1s lujoso y capaz, sin descuidar una conducci\u00f3n divertida, de alta calidad, segura y c\u00f3moda\u201d, explic\u00f3.<\/p>\n\n\n\n<p>Esta unidad, tambi\u00e9n se ha convertido en el modelo m\u00e1s producido en la f\u00e1brica del territorio poblano, al sumar m\u00e1s de 6 millones de unidades, superando a la Taos y Tiguan.<\/p>\n\n\n\n<p>Incluso, durante el primer semestre de 2024 se han manufacturado 64 mil 071 veh\u00edculos, lo que significa un crecimiento del 59.7 por ciento con respecto al mismo periodo de 2024, donde fueron 40 mil 111.<\/p>\n","protected":false},"excerpt":{"rendered":"<p>Esta unidad vendr\u00e1 a fortalecer las plantas de Puebla y de Silao dentro de la red de manufactura de la regi\u00f3n, pues en la f\u00e1brica hermana se producir\u00e1n dos de los motores para este sed\u00e1n. Por su parte, Carlos Henry, director de la marca Volkswagen en M\u00e9xico, coment\u00f3 que el Jetta ha sido uno de [&hellip;]<\/p>\n","protected":false},"author":4,"featured_media":48911,"comment_status":"open","ping_status":"open","sticky":false,"template":"","format":"standard","meta":{"om_disable_all_campaigns":false,"_monsterinsights_skip_tracking":false,"_monsterinsights_sitenote_active":false,"_monsterinsights_sitenote_note":"","_monsterinsights_sitenote_category":0,"footnotes":""},"categories":[175],"tags":[223],"class_list":["post-48910","post","type-post","status-publish","format-standard","has-post-thumbnail","hentry","category-local","tag-puebla"],"amp_enabled":true,"_links":{"self":[{"href":"https:\/\/lahora.mx\/index.php\/wp-json\/wp\/v2\/posts\/48910","targetHints":{"allow":["GET"]}}],"collection":[{"href":"https:\/\/lahora.mx\/index.php\/wp-json\/wp\/v2\/posts"}],"about":[{"href":"https:\/\/lahora.mx\/index.php\/wp-json\/wp\/v2\/types\/post"}],"author":[{"embeddable":true,"href":"https:\/\/lahora.mx\/index.php\/wp-json\/wp\/v2\/users\/4"}],"replies":[{"embeddable":true,"href":"https:\/\/lahora.mx\/index.php\/wp-json\/wp\/v2\/comments?post=48910"}],"version-history":[{"count":1,"href":"https:\/\/lahora.mx\/index.php\/wp-json\/wp\/v2\/posts\/48910\/revisions"}],"predecessor-version":[{"id":48912,"href":"https:\/\/lahora.mx\/index.php\/wp-json\/wp\/v2\/posts\/48910\/revisions\/48912"}],"wp:featuredmedia":[{"embeddable":true,"href":"https:\/\/lahora.mx\/index.php\/wp-json\/wp\/v2\/media\/48911"}],"wp:attachment":[{"href":"https:\/\/lahora.mx\/index.php\/wp-json\/wp\/v2\/media?parent=48910"}],"wp:term":[{"taxonomy":"category","embeddable":true,"href":"https:\/\/lahora.mx\/index.php\/wp-json\/wp\/v2\/categories?post=48910"},{"taxonomy":"post_tag","embeddable":true,"href":"https:\/\/lahora.mx\/index.php\/wp-json\/wp\/v2\/tags?post=48910"}],"curies":[{"name":"wp","href":"https:\/\/api.w.org\/{rel}","templated":true}]}}