{"id":48904,"date":"2024-07-11T00:51:37","date_gmt":"2024-07-11T00:51:37","guid":{"rendered":"http:\/\/lahora.mx\/?p=48904"},"modified":"2024-07-11T00:51:37","modified_gmt":"2024-07-11T00:51:37","slug":"dif-puebla-investiga-caso-de-nino-que-cayo-desde-un-balcon","status":"publish","type":"post","link":"https:\/\/lahora.mx\/index.php\/2024\/07\/11\/dif-puebla-investiga-caso-de-nino-que-cayo-desde-un-balcon\/","title":{"rendered":"DIF Puebla investiga caso de ni\u00f1o que cay\u00f3 desde un balc\u00f3n"},"content":{"rendered":"\n<p>El Sistema para el Desarrollo Integral de la Familia (DIF) en Puebla inform\u00f3 que est\u00e1 investigando el caso del menor que cay\u00f3 desde un balc\u00f3n de una vivienda ubicada en la colonia La Paz, de la capital poblana, la madrugada del 8 de julio.<\/p>\n\n\n\n<p>Lo anterior, despu\u00e9s de que se publicara mediante redes sociales un video de las c\u00e1maras de seguridad de la zona en donde se percibe como el infante se asoma desde un balc\u00f3n de un primer piso de la vivienda durante algunos minutos y posteriormente cae desde algunos metros, esto sin que se perciba la presencia de adultos.<br>El \u00e1rea de Comunicaci\u00f3n Social del DIF Estatal, que lidera Gabriela Bonilla Parada, inform\u00f3 que la indagatoria est\u00e1 a cargo de personal adscrito a las Cl\u00ednicas de Prevenci\u00f3n y Atenci\u00f3n al Maltrato de la Procuradur\u00eda de Protecci\u00f3n de los Derechos de Ni\u00f1as, Ni\u00f1os y Adolescentes.<\/p>\n\n\n\n<p>Ni\u00f1o cae desde un balc\u00f3n, autoridades investigar\u00e1n a la madre<br>Adem\u00e1s, se precis\u00f3 que el DIF no puede tener en resguardo al menor esto ya que se debe seguir una serie de pasos como ubicar el domicilio y entrevistarse con los padres para determinar las condiciones en las que vive el infante.<\/p>\n\n\n\n<p>En el material difundido se visualiza que luego de estar inm\u00f3vil en el asfalto por un breve tiempo, el menor intenta levantarse, minutos despu\u00e9s una mujer se percata del incidente y se dirige en direcci\u00f3n al ni\u00f1o para auxiliarlo, a ella le sigue otra persona que de igual forma acude en apoyo al menor de edad que se aprecia solo porta un pa\u00f1al.<\/p>\n\n\n\n<p>Aunque no existe un reporte oficial, se presume que la madre del infante se encontraba en estado inconveniente.<\/p>\n\n\n\n<p>Cabe mencionar que El Sol de Puebla solicit\u00f3 la postura de la Fiscal\u00eda General del Estado (FGE) a trav\u00e9s de su \u00e1rea de Comunicaci\u00f3n, sin embargo, hasta el cierre de esta edici\u00f3n no se obtuvo respuesta.<\/p>\n","protected":false},"excerpt":{"rendered":"<p>El Sistema para el Desarrollo Integral de la Familia (DIF) en Puebla inform\u00f3 que est\u00e1 investigando el caso del menor que cay\u00f3 desde un balc\u00f3n de una vivienda ubicada en la colonia La Paz, de la capital poblana, la madrugada del 8 de julio. Lo anterior, despu\u00e9s de que se publicara mediante redes sociales un [&hellip;]<\/p>\n","protected":false},"author":4,"featured_media":48905,"comment_status":"open","ping_status":"open","sticky":false,"template":"","format":"standard","meta":{"om_disable_all_campaigns":false,"_monsterinsights_skip_tracking":false,"_monsterinsights_sitenote_active":false,"_monsterinsights_sitenote_note":"","_monsterinsights_sitenote_category":0,"footnotes":""},"categories":[175],"tags":[223],"class_list":["post-48904","post","type-post","status-publish","format-standard","has-post-thumbnail","hentry","category-local","tag-puebla"],"amp_enabled":true,"_links":{"self":[{"href":"https:\/\/lahora.mx\/index.php\/wp-json\/wp\/v2\/posts\/48904","targetHints":{"allow":["GET"]}}],"collection":[{"href":"https:\/\/lahora.mx\/index.php\/wp-json\/wp\/v2\/posts"}],"about":[{"href":"https:\/\/lahora.mx\/index.php\/wp-json\/wp\/v2\/types\/post"}],"author":[{"embeddable":true,"href":"https:\/\/lahora.mx\/index.php\/wp-json\/wp\/v2\/users\/4"}],"replies":[{"embeddable":true,"href":"https:\/\/lahora.mx\/index.php\/wp-json\/wp\/v2\/comments?post=48904"}],"version-history":[{"count":1,"href":"https:\/\/lahora.mx\/index.php\/wp-json\/wp\/v2\/posts\/48904\/revisions"}],"predecessor-version":[{"id":48906,"href":"https:\/\/lahora.mx\/index.php\/wp-json\/wp\/v2\/posts\/48904\/revisions\/48906"}],"wp:featuredmedia":[{"embeddable":true,"href":"https:\/\/lahora.mx\/index.php\/wp-json\/wp\/v2\/media\/48905"}],"wp:attachment":[{"href":"https:\/\/lahora.mx\/index.php\/wp-json\/wp\/v2\/media?parent=48904"}],"wp:term":[{"taxonomy":"category","embeddable":true,"href":"https:\/\/lahora.mx\/index.php\/wp-json\/wp\/v2\/categories?post=48904"},{"taxonomy":"post_tag","embeddable":true,"href":"https:\/\/lahora.mx\/index.php\/wp-json\/wp\/v2\/tags?post=48904"}],"curies":[{"name":"wp","href":"https:\/\/api.w.org\/{rel}","templated":true}]}}