{"id":48899,"date":"2024-07-11T00:47:33","date_gmt":"2024-07-11T00:47:33","guid":{"rendered":"http:\/\/lahora.mx\/?p=48899"},"modified":"2024-07-11T00:50:13","modified_gmt":"2024-07-11T00:50:13","slug":"comienza-proceso-para-descongelar-iniciativa-para-el-aborto-en-puebla","status":"publish","type":"post","link":"https:\/\/lahora.mx\/index.php\/2024\/07\/11\/comienza-proceso-para-descongelar-iniciativa-para-el-aborto-en-puebla\/","title":{"rendered":"Comienza proceso para descongelar iniciativa sobre el aborto en Puebla"},"content":{"rendered":"\n<p>Este viernes 12 de julio se dar\u00e1 el primer paso para despenalizar el aborto en Puebla, ya que las Comisiones de Procuraci\u00f3n de Justicia y de Salud sesionar\u00e1n para analizar eliminar la criminalizaci\u00f3n de quien interrumpa su embarazo, as\u00ed lo inform\u00f3 el presidente del Congreso del Estado, Edgar Garmendia de los Santos.<\/p>\n\n\n\n<p>En entrevista, el diputado por Morena explic\u00f3 que en caso de que la despenalizaci\u00f3n del aborto sea aprobada este viernes, el pr\u00f3ximo lunes 15 de julio ser\u00e1 presentada ante el Pleno del Congreso del estado para que los 41 legisladores locales definan su est\u00e1n a favor o en contra.<\/p>\n\n\n\n<p>\u201cEllos son la voz de una poblaci\u00f3n, se va a discutir, s\u00ed se va a discutir, se har\u00e1 la comisi\u00f3n este viernes a las 13:00 horas, y si se aprueba pasar\u00e1 al Pleno\u201d, explic\u00f3.<\/p>\n\n\n\n<p>Asimismo, Garmendia de los Santos asegur\u00f3 que ning\u00fan diputado de la bancada de Morena ni del PT han sido obligados a votar a favor de la iniciativa, por lo que cada uno definir\u00e1 su sufragio.<\/p>\n\n\n\n<p>\u201cLo que les digo siempre, cada uno deber\u00e1 respetar la voz de cada uno, ninguno es obligado, es la libertad de cada diputado, no se le puede decir en qu\u00e9 sentido puede ir\u201d, agreg\u00f3.<\/p>\n\n\n\n<p>Incluso, evit\u00f3 dar una postura personal al se\u00f1alar que respetar\u00e1 el resultado de la comisi\u00f3n y ser\u00e1 en las sesiones de las comisiones o en la del Pleno donde se haga evidente su voto.<\/p>\n\n\n\n<p>Coordinador del PAN pide no generar presiones<br>Al respecto, el coordinador de la bancada del PAN, Rafael Micalco, pidi\u00f3 que se dejen de hacer presiones para aprobar la despenalizaci\u00f3n del aborto, pues no se sabe si esto se aprobar\u00e1.<\/p>\n\n\n\n<p>Micalco M\u00e9ndez asegur\u00f3 que esto porque no en todas las bancadas como la de Morena est\u00e1n de acuerdo con la despenalizaci\u00f3n, por lo que exigi\u00f3 que no se d\u00e9 por hecho que esto ser\u00e1 una realidad.<\/p>\n\n\n\n<p>\u201cEs un tema complejo, es un tema que ya pas\u00f3 por una instancia federal, es un tema que nosotros los diputados nos llevamos bien y nos enteramos, no hay censo, que te dir\u00eda hoy tenemos gobernador electo, yo espero que respete las formas de definir pol\u00edticas\u201d, refiri\u00f3.<\/p>\n\n\n\n<p>Bancada del PRI va a esperar<br>A su vez, la coordinadora del PRI, Lidya Oca\u00f1a, evit\u00f3 dar una postura sobre si est\u00e1 a favor o no, pues asegur\u00f3 que esperar\u00e1 a la reuni\u00f3n con su dirigencia para determinar c\u00f3mo votar\u00e1.<\/p>\n\n\n\n<p>\u201cVamos a platicar en bancada, con la dirigencia, pero votaremos a favor siempre de la salud de las mujeres, pido que me den tiempo\u201d, agreg\u00f3.<\/p>\n\n\n\n<p>Integrantes de la Comisi\u00f3n de Salud y Procuraci\u00f3n de Justicia<br>Mientras, los integrantes de la Comisi\u00f3n de Procuraci\u00f3n de Justicia y Administraci\u00f3n son Eduardo Alc\u00e1ntara y Silvia Tan\u00fas, quienes se han declarado a favor, as\u00ed como la morenista Yolanda G\u00e1mez y el petista Gerardo Hern\u00e1ndez Rojas.<\/p>\n\n\n\n<p>Por lo que se esperar\u00e1 el voto de M\u00f3nica Rodr\u00edguez Della Veccia y de Fernando S\u00e1nchez Sasia.<\/p>\n\n\n\n<p>En cuanto a la Comisi\u00f3n de Salud, est\u00e1 integrada por Azucena Rosas Tapia, diputada por Morena; Eduardo Alc\u00e1ntara, Gerardo Hern\u00e1ndez Rojas, Xel Arianna y Laura Zapata, que han dicho estar a favor de la despenalizaci\u00f3n del aborto en Puebla.<\/p>\n","protected":false},"excerpt":{"rendered":"<p>Este viernes 12 de julio se dar\u00e1 el primer paso para despenalizar el aborto en Puebla, ya que las Comisiones de Procuraci\u00f3n de Justicia y de Salud sesionar\u00e1n para analizar eliminar la criminalizaci\u00f3n de quien interrumpa su embarazo, as\u00ed lo inform\u00f3 el presidente del Congreso del Estado, Edgar Garmendia de los Santos. En entrevista, el [&hellip;]<\/p>\n","protected":false},"author":4,"featured_media":48900,"comment_status":"open","ping_status":"open","sticky":false,"template":"","format":"standard","meta":{"om_disable_all_campaigns":false,"_monsterinsights_skip_tracking":false,"_monsterinsights_sitenote_active":false,"_monsterinsights_sitenote_note":"","_monsterinsights_sitenote_category":0,"footnotes":""},"categories":[175],"tags":[195,223],"class_list":["post-48899","post","type-post","status-publish","format-standard","has-post-thumbnail","hentry","category-local","tag-principal","tag-puebla"],"amp_enabled":true,"_links":{"self":[{"href":"https:\/\/lahora.mx\/index.php\/wp-json\/wp\/v2\/posts\/48899","targetHints":{"allow":["GET"]}}],"collection":[{"href":"https:\/\/lahora.mx\/index.php\/wp-json\/wp\/v2\/posts"}],"about":[{"href":"https:\/\/lahora.mx\/index.php\/wp-json\/wp\/v2\/types\/post"}],"author":[{"embeddable":true,"href":"https:\/\/lahora.mx\/index.php\/wp-json\/wp\/v2\/users\/4"}],"replies":[{"embeddable":true,"href":"https:\/\/lahora.mx\/index.php\/wp-json\/wp\/v2\/comments?post=48899"}],"version-history":[{"count":2,"href":"https:\/\/lahora.mx\/index.php\/wp-json\/wp\/v2\/posts\/48899\/revisions"}],"predecessor-version":[{"id":48903,"href":"https:\/\/lahora.mx\/index.php\/wp-json\/wp\/v2\/posts\/48899\/revisions\/48903"}],"wp:featuredmedia":[{"embeddable":true,"href":"https:\/\/lahora.mx\/index.php\/wp-json\/wp\/v2\/media\/48900"}],"wp:attachment":[{"href":"https:\/\/lahora.mx\/index.php\/wp-json\/wp\/v2\/media?parent=48899"}],"wp:term":[{"taxonomy":"category","embeddable":true,"href":"https:\/\/lahora.mx\/index.php\/wp-json\/wp\/v2\/categories?post=48899"},{"taxonomy":"post_tag","embeddable":true,"href":"https:\/\/lahora.mx\/index.php\/wp-json\/wp\/v2\/tags?post=48899"}],"curies":[{"name":"wp","href":"https:\/\/api.w.org\/{rel}","templated":true}]}}