{"id":48893,"date":"2024-07-10T20:02:59","date_gmt":"2024-07-10T20:02:59","guid":{"rendered":"http:\/\/lahora.mx\/?p=48893"},"modified":"2024-07-10T20:02:59","modified_gmt":"2024-07-10T20:02:59","slug":"equipos-de-adan-dominguez-y-pepe-chedraui-tienen-reunion-para-proxima-transicion","status":"publish","type":"post","link":"https:\/\/lahora.mx\/index.php\/2024\/07\/10\/equipos-de-adan-dominguez-y-pepe-chedraui-tienen-reunion-para-proxima-transicion\/","title":{"rendered":"Equipos de Ad\u00e1n Dom\u00ednguez y Pepe Chedraui tienen reuni\u00f3n para pr\u00f3xima transici\u00f3n"},"content":{"rendered":"\n<p>Como parte de los acercamientos rumbo a la transici\u00f3n del gobierno capitalino, se concret\u00f3 la primera reuni\u00f3n de trabajo entre los equipos de Ad\u00e1n Dom\u00ednguez S\u00e1nchez\u2014 Presidente Municipal de Puebla\u2014 y Jos\u00e9 Chedraui Budib\u2014 Presidente Electo\u2014 para conocer las din\u00e1micas de las \u00e1reas que conforman la administraci\u00f3n municipal.<\/p>\n\n\n\n<p>En un ejercicio de transparencia, los equipos de transici\u00f3n evaluaron los procesos, acciones y programas en materia de Desarrollo Econ\u00f3mico, Turismo y Cultura.<\/p>\n\n\n\n<p>Ambos equipos coincidieron en la importancia de realizar estos encuentros para garantizar la continuidad de la prestaci\u00f3n de los servicios p\u00fablicos, as\u00ed como la operatividad del Ayuntamiento de Puebla en beneficio de la ciudadan\u00eda.<\/p>\n","protected":false},"excerpt":{"rendered":"<p>Como parte de los acercamientos rumbo a la transici\u00f3n del gobierno capitalino, se concret\u00f3 la primera reuni\u00f3n de trabajo entre los equipos de Ad\u00e1n Dom\u00ednguez S\u00e1nchez\u2014 Presidente Municipal de Puebla\u2014 y Jos\u00e9 Chedraui Budib\u2014 Presidente Electo\u2014 para conocer las din\u00e1micas de las \u00e1reas que conforman la administraci\u00f3n municipal. En un ejercicio de transparencia, los equipos [&hellip;]<\/p>\n","protected":false},"author":4,"featured_media":48894,"comment_status":"open","ping_status":"open","sticky":false,"template":"","format":"standard","meta":{"om_disable_all_campaigns":false,"_monsterinsights_skip_tracking":false,"_monsterinsights_sitenote_active":false,"_monsterinsights_sitenote_note":"","_monsterinsights_sitenote_category":0,"footnotes":""},"categories":[175],"tags":[128,195,223],"class_list":["post-48893","post","type-post","status-publish","format-standard","has-post-thumbnail","hentry","category-local","tag-politics","tag-principal","tag-puebla"],"amp_enabled":true,"_links":{"self":[{"href":"https:\/\/lahora.mx\/index.php\/wp-json\/wp\/v2\/posts\/48893","targetHints":{"allow":["GET"]}}],"collection":[{"href":"https:\/\/lahora.mx\/index.php\/wp-json\/wp\/v2\/posts"}],"about":[{"href":"https:\/\/lahora.mx\/index.php\/wp-json\/wp\/v2\/types\/post"}],"author":[{"embeddable":true,"href":"https:\/\/lahora.mx\/index.php\/wp-json\/wp\/v2\/users\/4"}],"replies":[{"embeddable":true,"href":"https:\/\/lahora.mx\/index.php\/wp-json\/wp\/v2\/comments?post=48893"}],"version-history":[{"count":1,"href":"https:\/\/lahora.mx\/index.php\/wp-json\/wp\/v2\/posts\/48893\/revisions"}],"predecessor-version":[{"id":48895,"href":"https:\/\/lahora.mx\/index.php\/wp-json\/wp\/v2\/posts\/48893\/revisions\/48895"}],"wp:featuredmedia":[{"embeddable":true,"href":"https:\/\/lahora.mx\/index.php\/wp-json\/wp\/v2\/media\/48894"}],"wp:attachment":[{"href":"https:\/\/lahora.mx\/index.php\/wp-json\/wp\/v2\/media?parent=48893"}],"wp:term":[{"taxonomy":"category","embeddable":true,"href":"https:\/\/lahora.mx\/index.php\/wp-json\/wp\/v2\/categories?post=48893"},{"taxonomy":"post_tag","embeddable":true,"href":"https:\/\/lahora.mx\/index.php\/wp-json\/wp\/v2\/tags?post=48893"}],"curies":[{"name":"wp","href":"https:\/\/api.w.org\/{rel}","templated":true}]}}