{"id":48856,"date":"2024-07-10T00:07:06","date_gmt":"2024-07-10T00:07:06","guid":{"rendered":"http:\/\/lahora.mx\/?p=48856"},"modified":"2024-07-10T00:07:07","modified_gmt":"2024-07-10T00:07:07","slug":"comisiones-aprueba-reformas-para-definir-tarifas-del-servicio-de-gruas","status":"publish","type":"post","link":"https:\/\/lahora.mx\/index.php\/2024\/07\/10\/comisiones-aprueba-reformas-para-definir-tarifas-del-servicio-de-gruas\/","title":{"rendered":"Comisiones aprueba reformas para definir tarifas del servicio de gr\u00faas"},"content":{"rendered":"\n<p>La Comisi\u00f3n de Hacienda y Patrimonio Municipal aprob\u00f3 una serie de reformas, para implementar un tabulador y definir las tarifas por el servicio de arrastre y salvamento de las gr\u00faas.<\/p>\n\n\n\n<p>En la sesi\u00f3n de este martes, los legisladores avalaron por unanimidad de votos y sin modificaciones, la propuesta del gobernador Sergio Salom\u00f3n C\u00e9spedes Peregrina.<\/p>\n\n\n\n<p>El \u00e1rea jur\u00eddica del Legislativo explic\u00f3 que, la propuesta en an\u00e1lisis va de la mano con la aprobada recientemente, para regularizar el otorgamiento de concesiones y permisos para la prestaci\u00f3n de los servicios auxiliares de arrastre, arrastre y salvamento y dep\u00f3sito de veh\u00edculos.<\/p>\n\n\n\n<p>Tambi\u00e9n de establecer la facultad para que la autoridad de transporte celebre convenios de coordinaci\u00f3n con los ayuntamientos en esta materia.<\/p>\n\n\n\n<p>Por ello, el Gobierno de Puebla busca regular los costos por el servicio, para evitar abusos por parte de las personas dedicadas en este rubro.<\/p>\n\n\n\n<p>Persisten abusos de &#8216;mafias&#8217; que prestan servicio de gr\u00faas<br>Hasta el momento no existe un tabulador a trav\u00e9s del cual se cobrar\u00e1, pero, ser\u00e1 publicado despu\u00e9s en el Peri\u00f3dico Oficial del Estado (POE).<\/p>\n\n\n\n<p>En la propuesta, tambi\u00e9n resalta que las personas que brindan el servicio de las gr\u00faas, deber\u00e1n respaldar los montos que ser\u00e1n establecidos.<\/p>\n\n\n\n<p>Esta iniciativa forma parte del paquete que remiti\u00f3 el gobernador a d\u00edas de que cierre el tercer periodo ordinario de la actual legislatura, y ser\u00e1 analizado en la pr\u00f3xima sesi\u00f3n ordinaria.<\/p>\n\n\n\n<p>En la misma sesi\u00f3n, el diputado local por Morena, Fernando S\u00e1nchez Sasia, critic\u00f3 que, no se han analizado algunos puntos de acuerdo que present\u00f3, e hizo un llamado para analizarlos a la brevedad.<\/p>\n\n\n\n<p>Para responder, el presidente de la comisi\u00f3n, Eduardo Alc\u00e1ntara Montiel, aclar\u00f3 que, hace dos meses asumi\u00f3 el liderazgo de la comisi\u00f3n, y est\u00e1 poni\u00e9ndose al corriente con los temas que est\u00e1n pendientes.<\/p>\n","protected":false},"excerpt":{"rendered":"<p>La Comisi\u00f3n de Hacienda y Patrimonio Municipal aprob\u00f3 una serie de reformas, para implementar un tabulador y definir las tarifas por el servicio de arrastre y salvamento de las gr\u00faas. En la sesi\u00f3n de este martes, los legisladores avalaron por unanimidad de votos y sin modificaciones, la propuesta del gobernador Sergio Salom\u00f3n C\u00e9spedes Peregrina. El [&hellip;]<\/p>\n","protected":false},"author":4,"featured_media":48857,"comment_status":"open","ping_status":"open","sticky":false,"template":"","format":"standard","meta":{"om_disable_all_campaigns":false,"_monsterinsights_skip_tracking":false,"_monsterinsights_sitenote_active":false,"_monsterinsights_sitenote_note":"","_monsterinsights_sitenote_category":0,"footnotes":""},"categories":[175],"tags":[195,223],"class_list":["post-48856","post","type-post","status-publish","format-standard","has-post-thumbnail","hentry","category-local","tag-principal","tag-puebla"],"amp_enabled":true,"_links":{"self":[{"href":"https:\/\/lahora.mx\/index.php\/wp-json\/wp\/v2\/posts\/48856","targetHints":{"allow":["GET"]}}],"collection":[{"href":"https:\/\/lahora.mx\/index.php\/wp-json\/wp\/v2\/posts"}],"about":[{"href":"https:\/\/lahora.mx\/index.php\/wp-json\/wp\/v2\/types\/post"}],"author":[{"embeddable":true,"href":"https:\/\/lahora.mx\/index.php\/wp-json\/wp\/v2\/users\/4"}],"replies":[{"embeddable":true,"href":"https:\/\/lahora.mx\/index.php\/wp-json\/wp\/v2\/comments?post=48856"}],"version-history":[{"count":1,"href":"https:\/\/lahora.mx\/index.php\/wp-json\/wp\/v2\/posts\/48856\/revisions"}],"predecessor-version":[{"id":48858,"href":"https:\/\/lahora.mx\/index.php\/wp-json\/wp\/v2\/posts\/48856\/revisions\/48858"}],"wp:featuredmedia":[{"embeddable":true,"href":"https:\/\/lahora.mx\/index.php\/wp-json\/wp\/v2\/media\/48857"}],"wp:attachment":[{"href":"https:\/\/lahora.mx\/index.php\/wp-json\/wp\/v2\/media?parent=48856"}],"wp:term":[{"taxonomy":"category","embeddable":true,"href":"https:\/\/lahora.mx\/index.php\/wp-json\/wp\/v2\/categories?post=48856"},{"taxonomy":"post_tag","embeddable":true,"href":"https:\/\/lahora.mx\/index.php\/wp-json\/wp\/v2\/tags?post=48856"}],"curies":[{"name":"wp","href":"https:\/\/api.w.org\/{rel}","templated":true}]}}