{"id":48814,"date":"2024-07-09T01:17:45","date_gmt":"2024-07-09T01:17:45","guid":{"rendered":"http:\/\/lahora.mx\/?p=48814"},"modified":"2024-07-09T01:17:46","modified_gmt":"2024-07-09T01:17:46","slug":"sheinbaum-anuncia-visita-a-puebla-como-presidenta-electa","status":"publish","type":"post","link":"https:\/\/lahora.mx\/index.php\/2024\/07\/09\/sheinbaum-anuncia-visita-a-puebla-como-presidenta-electa\/","title":{"rendered":"Sheinbaum anuncia visita a Puebla como presidenta electa"},"content":{"rendered":"\n<p>La presidenta electa de M\u00e9xico, Claudia Sheinbaum, inform\u00f3 que su gira de agradecimiento este fin de semana ser\u00e1 en alg\u00fan punto del centro del pa\u00eds, destacando el estado de Puebla.<\/p>\n\n\n\n<p>Sheinbaum se\u00f1al\u00f3 que a\u00fan no hay nada confirmado, pero est\u00e1 considerando acudir a en una peque\u00f1a gira a la Ciudad de M\u00e9xico, el Estado de M\u00e9xico o incluso Puebla para agradecer a la ciudadan\u00eda por su voto el pasado 2 de junio.<\/p>\n\n\n\n<p>En su conferencia de prensa, Claudia Sheinbaum inform\u00f3 que en los pr\u00f3ximos d\u00edas convocar\u00e1 a los gobernadores electos, entre ellos el poblano Alejandro Armenta Mier, para seguir consolidando la cuarta transformaci\u00f3n en Puebla y en todo el pa\u00eds con sus proyectos.<\/p>\n\n\n\n<p>Consider\u00f3 primordial una reuni\u00f3n con los equipos de trabajo de los gobernadores y otros relacionados con la seguridad.<\/p>\n\n\n\n<p>Tambi\u00e9n destac\u00f3 que las giras de agradecimiento se realizar\u00e1n los fines de semana con m\u00e1s puntualidad despu\u00e9s de octubre.<\/p>\n\n\n\n<p>Sobre su gabinete, se\u00f1al\u00f3 que este jueves se anunciar\u00e1 a quienes estar\u00e1n en Turismo, Cultura y Trabajo, y se retomar\u00e1 el nombramiento del jefe o jefa de oficina, uno de los perfiles m\u00e1s cercanos a Claudia Sheinbaum.<\/p>\n\n\n\n<p>Los titulares de la Sedena y Marina ser\u00e1n nombrados hasta septiembre, agreg\u00f3 la presidenta electa del pa\u00eds, Claudia Sheinbaum Pardo.<\/p>\n\n\n\n<p>Tambi\u00e9n dijo que seguir\u00e1 integrando a quienes estar\u00e1n liderando diversos organismos descentralizados, e incluso habr\u00e1 ratificaciones de personas que actualmente laboran con Andr\u00e9s Manuel L\u00f3pez Obrador.<\/p>\n","protected":false},"excerpt":{"rendered":"<p>La presidenta electa de M\u00e9xico, Claudia Sheinbaum, inform\u00f3 que su gira de agradecimiento este fin de semana ser\u00e1 en alg\u00fan punto del centro del pa\u00eds, destacando el estado de Puebla. Sheinbaum se\u00f1al\u00f3 que a\u00fan no hay nada confirmado, pero est\u00e1 considerando acudir a en una peque\u00f1a gira a la Ciudad de M\u00e9xico, el Estado de [&hellip;]<\/p>\n","protected":false},"author":4,"featured_media":48815,"comment_status":"open","ping_status":"open","sticky":false,"template":"","format":"standard","meta":{"om_disable_all_campaigns":false,"_monsterinsights_skip_tracking":false,"_monsterinsights_sitenote_active":false,"_monsterinsights_sitenote_note":"","_monsterinsights_sitenote_category":0,"footnotes":""},"categories":[175],"tags":[195,223],"class_list":["post-48814","post","type-post","status-publish","format-standard","has-post-thumbnail","hentry","category-local","tag-principal","tag-puebla"],"amp_enabled":true,"_links":{"self":[{"href":"https:\/\/lahora.mx\/index.php\/wp-json\/wp\/v2\/posts\/48814","targetHints":{"allow":["GET"]}}],"collection":[{"href":"https:\/\/lahora.mx\/index.php\/wp-json\/wp\/v2\/posts"}],"about":[{"href":"https:\/\/lahora.mx\/index.php\/wp-json\/wp\/v2\/types\/post"}],"author":[{"embeddable":true,"href":"https:\/\/lahora.mx\/index.php\/wp-json\/wp\/v2\/users\/4"}],"replies":[{"embeddable":true,"href":"https:\/\/lahora.mx\/index.php\/wp-json\/wp\/v2\/comments?post=48814"}],"version-history":[{"count":1,"href":"https:\/\/lahora.mx\/index.php\/wp-json\/wp\/v2\/posts\/48814\/revisions"}],"predecessor-version":[{"id":48816,"href":"https:\/\/lahora.mx\/index.php\/wp-json\/wp\/v2\/posts\/48814\/revisions\/48816"}],"wp:featuredmedia":[{"embeddable":true,"href":"https:\/\/lahora.mx\/index.php\/wp-json\/wp\/v2\/media\/48815"}],"wp:attachment":[{"href":"https:\/\/lahora.mx\/index.php\/wp-json\/wp\/v2\/media?parent=48814"}],"wp:term":[{"taxonomy":"category","embeddable":true,"href":"https:\/\/lahora.mx\/index.php\/wp-json\/wp\/v2\/categories?post=48814"},{"taxonomy":"post_tag","embeddable":true,"href":"https:\/\/lahora.mx\/index.php\/wp-json\/wp\/v2\/tags?post=48814"}],"curies":[{"name":"wp","href":"https:\/\/api.w.org\/{rel}","templated":true}]}}