{"id":48808,"date":"2024-07-09T01:06:16","date_gmt":"2024-07-09T01:06:16","guid":{"rendered":"http:\/\/lahora.mx\/?p=48808"},"modified":"2024-07-09T01:06:17","modified_gmt":"2024-07-09T01:06:17","slug":"el-gobernador-sergio-salomon-pide-a-autoridades-salientes-no-caer-en-abusos","status":"publish","type":"post","link":"https:\/\/lahora.mx\/index.php\/2024\/07\/09\/el-gobernador-sergio-salomon-pide-a-autoridades-salientes-no-caer-en-abusos\/","title":{"rendered":"El gobernador Sergio Salom\u00f3n pide a autoridades salientes no caer en abusos"},"content":{"rendered":"\n<p>Tras la detenci\u00f3n del presidente municipal de Huehuetla, Rafael Lara Mart\u00ednez, el gobernador Sergio Salom\u00f3n C\u00e9spedes Peregrina pidi\u00f3 a las autoridades salientes no caer en abusos y mantenerse al margen de la ley.<\/p>\n\n\n\n<p>En este sentido, dijo que espera pronto se esclarezca la detenci\u00f3n del edil priista, a quien la Guardia Nacional (GN) detuvo con medio mill\u00f3n de pesos y un arma, en la caseta de cobro de Cuapiaxtla, Tlaxcala, de la autopista de Puebla-Perote.<\/p>\n\n\n\n<p>El mandatario estatal coment\u00f3 que conoce a Rafael Lara e incluso la semana pasada lo recibi\u00f3 en Huehuetla municipio para realizar juntos la entrega de obras.<\/p>\n\n\n\n<p>Sin embargo, dijo desconocer los motivos de su detenci\u00f3n el pasado 4 de julio durante un ret\u00e9n de la GN, por lo que est\u00e1 a la espera de informaci\u00f3n sobre cu\u00e1l fue el motivo de la aprehensi\u00f3n del alcalde, ya que hasta ahora solamente se conoce la versi\u00f3n de que durante la revisi\u00f3n le hallaron en su veh\u00edculo un arma de fuego y medio mill\u00f3n de pesos, cuya procedencia legal no pudo acreditar.<\/p>\n\n\n\n<p>\u201cConozco al presidente, es un doctor, con el cual estuvimos la semana pasada all\u00e1 en su municipio entregando obras; y que esto nos llame a los servidores p\u00fablicos, en el final de este periodo de gobierno, a que no bajemos la guardia y hagamos lo que nos permite la Ley estrictamente, por favor\u201d, abund\u00f3.<\/p>\n\n\n\n<p>De esta manera, C\u00e9spedes Peregrina exhort\u00f3 a los servidores p\u00fablicos a cerrar bien sus gestiones municipales, tanto en el manejo de recursos p\u00fablicos como en su actuar, \u201chaciendo lo que estrictamente les permite la ley\u201d.<\/p>\n\n\n\n<p>Rafael Lara es el tercer edil poblano detenido en d\u00edas recientes, los primeros fueron los presidentes municipales con licencia de Zapotitl\u00e1n y Acteopan, \u00c1lvaro Tapia y Emiliano V\u00e1zquez; el primero es acusado del feminicidio de su esposa, mientras que el segundo por el homicidio de una persona.<\/p>\n","protected":false},"excerpt":{"rendered":"<p>Tras la detenci\u00f3n del presidente municipal de Huehuetla, Rafael Lara Mart\u00ednez, el gobernador Sergio Salom\u00f3n C\u00e9spedes Peregrina pidi\u00f3 a las autoridades salientes no caer en abusos y mantenerse al margen de la ley. En este sentido, dijo que espera pronto se esclarezca la detenci\u00f3n del edil priista, a quien la Guardia Nacional (GN) detuvo con [&hellip;]<\/p>\n","protected":false},"author":4,"featured_media":48809,"comment_status":"open","ping_status":"open","sticky":false,"template":"","format":"standard","meta":{"om_disable_all_campaigns":false,"_monsterinsights_skip_tracking":false,"_monsterinsights_sitenote_active":false,"_monsterinsights_sitenote_note":"","_monsterinsights_sitenote_category":0,"footnotes":""},"categories":[175],"tags":[239,195,223],"class_list":["post-48808","post","type-post","status-publish","format-standard","has-post-thumbnail","hentry","category-local","tag-gobierno","tag-principal","tag-puebla"],"amp_enabled":true,"_links":{"self":[{"href":"https:\/\/lahora.mx\/index.php\/wp-json\/wp\/v2\/posts\/48808","targetHints":{"allow":["GET"]}}],"collection":[{"href":"https:\/\/lahora.mx\/index.php\/wp-json\/wp\/v2\/posts"}],"about":[{"href":"https:\/\/lahora.mx\/index.php\/wp-json\/wp\/v2\/types\/post"}],"author":[{"embeddable":true,"href":"https:\/\/lahora.mx\/index.php\/wp-json\/wp\/v2\/users\/4"}],"replies":[{"embeddable":true,"href":"https:\/\/lahora.mx\/index.php\/wp-json\/wp\/v2\/comments?post=48808"}],"version-history":[{"count":1,"href":"https:\/\/lahora.mx\/index.php\/wp-json\/wp\/v2\/posts\/48808\/revisions"}],"predecessor-version":[{"id":48810,"href":"https:\/\/lahora.mx\/index.php\/wp-json\/wp\/v2\/posts\/48808\/revisions\/48810"}],"wp:featuredmedia":[{"embeddable":true,"href":"https:\/\/lahora.mx\/index.php\/wp-json\/wp\/v2\/media\/48809"}],"wp:attachment":[{"href":"https:\/\/lahora.mx\/index.php\/wp-json\/wp\/v2\/media?parent=48808"}],"wp:term":[{"taxonomy":"category","embeddable":true,"href":"https:\/\/lahora.mx\/index.php\/wp-json\/wp\/v2\/categories?post=48808"},{"taxonomy":"post_tag","embeddable":true,"href":"https:\/\/lahora.mx\/index.php\/wp-json\/wp\/v2\/tags?post=48808"}],"curies":[{"name":"wp","href":"https:\/\/api.w.org\/{rel}","templated":true}]}}