{"id":48777,"date":"2024-07-08T19:10:26","date_gmt":"2024-07-08T19:10:26","guid":{"rendered":"http:\/\/lahora.mx\/?p=48777"},"modified":"2024-07-08T19:10:26","modified_gmt":"2024-07-08T19:10:26","slug":"tras-haber-pasado-26-anos-detienen-a-el-topo-por-secuestro-y-homicidio","status":"publish","type":"post","link":"https:\/\/lahora.mx\/index.php\/2024\/07\/08\/tras-haber-pasado-26-anos-detienen-a-el-topo-por-secuestro-y-homicidio\/","title":{"rendered":"Tras haber pasado 26 a\u00f1os Detienen a \u201cEl Topo\u201d por secuestro y homicidio"},"content":{"rendered":"\n<p>La Fiscal\u00eda General del Estado (FGE) de Puebla cumpli\u00f3 con la orden de aprehensi\u00f3n contra Miguel N. alias \u201cEl Topo\u201d, por presuntamente participar en los delitos de secuestro y homicidio calificado, hechos ocurridos hace 26 a\u00f1os, es decir, en 1998 en el municipio de Iz\u00facar de Matamoros.<\/p>\n\n\n\n<p>De acuerdo con el \u00f3rgano p\u00fablico aut\u00f3nomo, el hombre, de 49 a\u00f1os de edad, fue detenido el pasado 1 de julio de 2024, por lo que actualmente se encuentra recluido en el cereso de San Miguel.<\/p>\n\n\n\n<p>Seg\u00fan la FGE el hecho por el que se le investiga ocurri\u00f3 el 4 de mayo de 1998, cuando supuestamente Miguel y otros integrantes privaron de la libertad a un masculino en la localidad de San Juan Raboso, perteneciente a Iz\u00facar de Matamoros.<\/p>\n\n\n\n<p>Como parte del modus operandi, los responsables del delito exigieron a los familiares de la v\u00edctima un mill\u00f3n de pesos para poder liberarlo, sin embargo, tras varias negociaciones, aceptaron la cantidad de 250 mil pesos.<\/p>\n\n\n\n<p>Leer m\u00e1s: Es inocente Enrique Arturo, due\u00f1o de McCarthy&#8217;s: abogada defensora<br>Dicho monto fue entregado el 18 de mayo en la poblaci\u00f3n de Ayutla a personas armadas que llegaron a cobrar el pago.<\/p>\n\n\n\n<p>No obstante, tras haber realizada la transacci\u00f3n, el 23 de mayo de ese mismo a\u00f1o la persona fue localizada sin vida y con varios impactos de arma de fuego en San Nicol\u00e1s Tolentino, Iz\u00facar de Matamoros.<\/p>\n","protected":false},"excerpt":{"rendered":"<p>La Fiscal\u00eda General del Estado (FGE) de Puebla cumpli\u00f3 con la orden de aprehensi\u00f3n contra Miguel N. alias \u201cEl Topo\u201d, por presuntamente participar en los delitos de secuestro y homicidio calificado, hechos ocurridos hace 26 a\u00f1os, es decir, en 1998 en el municipio de Iz\u00facar de Matamoros. De acuerdo con el \u00f3rgano p\u00fablico aut\u00f3nomo, el [&hellip;]<\/p>\n","protected":false},"author":4,"featured_media":48778,"comment_status":"open","ping_status":"open","sticky":false,"template":"","format":"standard","meta":{"om_disable_all_campaigns":false,"_monsterinsights_skip_tracking":false,"_monsterinsights_sitenote_active":false,"_monsterinsights_sitenote_note":"","_monsterinsights_sitenote_category":0,"footnotes":""},"categories":[175,226],"tags":[223],"class_list":["post-48777","post","type-post","status-publish","format-standard","has-post-thumbnail","hentry","category-local","category-policia","tag-puebla"],"amp_enabled":true,"_links":{"self":[{"href":"https:\/\/lahora.mx\/index.php\/wp-json\/wp\/v2\/posts\/48777","targetHints":{"allow":["GET"]}}],"collection":[{"href":"https:\/\/lahora.mx\/index.php\/wp-json\/wp\/v2\/posts"}],"about":[{"href":"https:\/\/lahora.mx\/index.php\/wp-json\/wp\/v2\/types\/post"}],"author":[{"embeddable":true,"href":"https:\/\/lahora.mx\/index.php\/wp-json\/wp\/v2\/users\/4"}],"replies":[{"embeddable":true,"href":"https:\/\/lahora.mx\/index.php\/wp-json\/wp\/v2\/comments?post=48777"}],"version-history":[{"count":1,"href":"https:\/\/lahora.mx\/index.php\/wp-json\/wp\/v2\/posts\/48777\/revisions"}],"predecessor-version":[{"id":48779,"href":"https:\/\/lahora.mx\/index.php\/wp-json\/wp\/v2\/posts\/48777\/revisions\/48779"}],"wp:featuredmedia":[{"embeddable":true,"href":"https:\/\/lahora.mx\/index.php\/wp-json\/wp\/v2\/media\/48778"}],"wp:attachment":[{"href":"https:\/\/lahora.mx\/index.php\/wp-json\/wp\/v2\/media?parent=48777"}],"wp:term":[{"taxonomy":"category","embeddable":true,"href":"https:\/\/lahora.mx\/index.php\/wp-json\/wp\/v2\/categories?post=48777"},{"taxonomy":"post_tag","embeddable":true,"href":"https:\/\/lahora.mx\/index.php\/wp-json\/wp\/v2\/tags?post=48777"}],"curies":[{"name":"wp","href":"https:\/\/api.w.org\/{rel}","templated":true}]}}