{"id":48774,"date":"2024-07-08T19:00:27","date_gmt":"2024-07-08T19:00:27","guid":{"rendered":"http:\/\/lahora.mx\/?p=48774"},"modified":"2024-07-08T19:00:29","modified_gmt":"2024-07-08T19:00:29","slug":"cuando-inician-las-vacaciones-escolares-en-puebla","status":"publish","type":"post","link":"https:\/\/lahora.mx\/index.php\/2024\/07\/08\/cuando-inician-las-vacaciones-escolares-en-puebla\/","title":{"rendered":"\u00bfCu\u00e1ndo inician las vacaciones escolares en Puebla?"},"content":{"rendered":"\n<p>El 16 de julio concluir\u00e1 el ciclo escolar 2023-2024 y un mill\u00f3n 673 mil alumnos de nivel b\u00e1sico y medio superior saldr\u00e1n de vacaciones, inform\u00f3 Miguel \u00c1ngel Adauta Hoyos, subsecretario de Educaci\u00f3n del Gobierno de Puebla.<\/p>\n\n\n\n<p>En rueda de prensa este lunes 8 de julio, el funcionario estatal dijo que las escuelas no pueden condicionar la entrega de boletas por el pago de las cuotas, ni obligar a comprar ropa distinta para las graduaciones.<\/p>\n\n\n\n<p>\u00abPara asistir a las ceremonias de clausura de todos los niveles educativos, no es obligatorio que los estudiantes porten un vestuario especial distinto al uniforme del diario, o de gala de la instituci\u00f3n, esto implica gastos adicionales a las familias y queda completamente prohibido condicionar la entrega de documentos oficiales\u00bb, se\u00f1al\u00f3.<\/p>\n\n\n\n<p>Adauta Hoyos a\u00f1adi\u00f3 que el 15 y 16 de julio, los directivos de las m\u00e1s de 13 mil escuelas de educaci\u00f3n b\u00e1sica, entregar\u00e1n boletas de calificaciones a todos los padres de familia, al igual que tutores de nivel inicial, preescolar, primaria, secundaria, educaci\u00f3n especial y media superior, reanudando clases el 26 de agosto del presente a\u00f1o.<\/p>\n\n\n\n<p>Asimismo, indic\u00f3 que 389 mil 246 estudiantes obtendr\u00e1n su certificado de estudios de educaci\u00f3n b\u00e1sica y media superior, emitidos electr\u00f3nicamente, a partir del 16 de julio en la p\u00e1gina oficial de la Secretar\u00eda de Educaci\u00f3n P\u00fablica (SEP), en: sep.puebla.gob.mx<\/p>\n\n\n\n<p>Asegur\u00f3 que tambi\u00e9n estar\u00e1n a disposici\u00f3n todos los certificados de ciclos escolares anteriores, con el objetivo de que los egresados de primaria y secundaria que hayan extraviado su documento, lo puedan recuperar.<\/p>\n\n\n\n<p>El subsecretario de Educaci\u00f3n en Puebla indic\u00f3 que el periodo de regularizaci\u00f3n ser\u00e1:<\/p>\n\n\n\n<p>Nivel secundaria: del 19 al 23 de agosto; el segundo periodo es del 2 al 6 de septiembre y el tercer periodo del 28 al 1 de noviembre<\/p>\n\n\n\n<p>Nivel medio superior: del 16 al 18 de julio, 12 y 13 de agosto y del 4 al 6 de septiembre<\/p>\n","protected":false},"excerpt":{"rendered":"<p>El 16 de julio concluir\u00e1 el ciclo escolar 2023-2024 y un mill\u00f3n 673 mil alumnos de nivel b\u00e1sico y medio superior saldr\u00e1n de vacaciones, inform\u00f3 Miguel \u00c1ngel Adauta Hoyos, subsecretario de Educaci\u00f3n del Gobierno de Puebla. En rueda de prensa este lunes 8 de julio, el funcionario estatal dijo que las escuelas no pueden condicionar [&hellip;]<\/p>\n","protected":false},"author":4,"featured_media":48775,"comment_status":"open","ping_status":"open","sticky":false,"template":"","format":"standard","meta":{"om_disable_all_campaigns":false,"_monsterinsights_skip_tracking":false,"_monsterinsights_sitenote_active":false,"_monsterinsights_sitenote_note":"","_monsterinsights_sitenote_category":0,"footnotes":""},"categories":[175],"tags":[223],"class_list":["post-48774","post","type-post","status-publish","format-standard","has-post-thumbnail","hentry","category-local","tag-puebla"],"amp_enabled":true,"_links":{"self":[{"href":"https:\/\/lahora.mx\/index.php\/wp-json\/wp\/v2\/posts\/48774","targetHints":{"allow":["GET"]}}],"collection":[{"href":"https:\/\/lahora.mx\/index.php\/wp-json\/wp\/v2\/posts"}],"about":[{"href":"https:\/\/lahora.mx\/index.php\/wp-json\/wp\/v2\/types\/post"}],"author":[{"embeddable":true,"href":"https:\/\/lahora.mx\/index.php\/wp-json\/wp\/v2\/users\/4"}],"replies":[{"embeddable":true,"href":"https:\/\/lahora.mx\/index.php\/wp-json\/wp\/v2\/comments?post=48774"}],"version-history":[{"count":1,"href":"https:\/\/lahora.mx\/index.php\/wp-json\/wp\/v2\/posts\/48774\/revisions"}],"predecessor-version":[{"id":48776,"href":"https:\/\/lahora.mx\/index.php\/wp-json\/wp\/v2\/posts\/48774\/revisions\/48776"}],"wp:featuredmedia":[{"embeddable":true,"href":"https:\/\/lahora.mx\/index.php\/wp-json\/wp\/v2\/media\/48775"}],"wp:attachment":[{"href":"https:\/\/lahora.mx\/index.php\/wp-json\/wp\/v2\/media?parent=48774"}],"wp:term":[{"taxonomy":"category","embeddable":true,"href":"https:\/\/lahora.mx\/index.php\/wp-json\/wp\/v2\/categories?post=48774"},{"taxonomy":"post_tag","embeddable":true,"href":"https:\/\/lahora.mx\/index.php\/wp-json\/wp\/v2\/tags?post=48774"}],"curies":[{"name":"wp","href":"https:\/\/api.w.org\/{rel}","templated":true}]}}