{"id":48771,"date":"2024-07-08T18:55:31","date_gmt":"2024-07-08T18:55:31","guid":{"rendered":"http:\/\/lahora.mx\/?p=48771"},"modified":"2024-07-08T18:55:31","modified_gmt":"2024-07-08T18:55:31","slug":"suben-a-11-las-comisiones-de-transicion-de-armenta-para-entrega-recepcion","status":"publish","type":"post","link":"https:\/\/lahora.mx\/index.php\/2024\/07\/08\/suben-a-11-las-comisiones-de-transicion-de-armenta-para-entrega-recepcion\/","title":{"rendered":"Suben a 11 las comisiones de transici\u00f3n de Armenta para entrega\u2014recepci\u00f3n"},"content":{"rendered":"\n<p>Ser\u00e1n 11 las comisiones de transici\u00f3n que conformen el equipo de entrega\u2014recepci\u00f3n entre la administraci\u00f3n del gobernador electo de Puebla, Alejandro Armenta Mier, y el actual titular del Ejecutivo del estado, Sergio Salom\u00f3n C\u00e9spedes Peregrina.<\/p>\n\n\n\n<p>Adem\u00e1s de las comisiones se integrar\u00e1 al equipo un despacho que contratar\u00e1 Armenta; as\u00ed lo inform\u00f3 Rodrigo Abdala Dartigues, coordinador del equipo de campa\u00f1a del morenista, quien tambi\u00e9n present\u00f3 a los nuevos integrantes de los equipos de transici\u00f3n este 8 de julio.<\/p>\n\n\n\n<p>Los nombramientos para las nuevas comisiones de transici\u00f3n del equipo de entrega\u2014recepci\u00f3n de Armenta, quedaron de la siguiente manera.<\/p>\n\n\n\n<p>Comisi\u00f3n Gobernaci\u00f3n y Seguridad: se adhieren como secretarios t\u00e9cnicos Jes\u00fas Morales Rodr\u00edguez, Melit\u00f3n Lozano P\u00e9rez y David Rivera Vivanco.<br>Comisi\u00f3n de Cultura e Igualdad: se integran como secretarios t\u00e9cnicos Alberto Camacho Arroyo, Gabriela Chumacero Rodr\u00edguez y Gabriela P\u00e9rez Baz\u00e1n.<br>Comisi\u00f3n paraestatal de entidades enfocada en Educaci\u00f3n y Trabajo: coordina la maestra Mirna In\u00e9s Toxqui Oliver; los secretarios t\u00e9cnicos ser\u00e1n Mar\u00eda del Carmen Paniagua Alc\u00e1ntara, Miguel Alva y Alva, Natalia Su\u00e1rez del Real, Mar\u00eda Guadalupe Sol\u00eds Hughes, Gregorio Montero y Norberto Amaya Aquino.<br>Comisi\u00f3n de econom\u00eda e infraestructura: coordina el doctor Abraham Quiroz Palacios; como secretarios t\u00e9cnicos quedan Mario Montero Lozano, Leopoldo de Lara Varela y Daniel Rodr\u00edguez<br>Comisi\u00f3n de Bienestar y Salud: coordina Gabriela S\u00e1nchez Saavedra; los subsecretarios t\u00e9cnicos ser\u00e1n Apolinar Mart\u00ednez Arroyo, Mauricio Garc\u00eda Castillo, Edgar Chumacero Hern\u00e1ndez, Leobardo Soto Enr\u00edquez, Luis Antonio Godina Herrera y Jos\u00e9 Francisco Gonz\u00e1lez Bonilla.<br>Comit\u00e9 T\u00e9cnico de Comunicaci\u00f3n e Informaci\u00f3n: coordina Delia Clarisa \u00c1lvarez; secretarios t\u00e9cnicos ser\u00e1n Jos\u00e9 Tom\u00e9 Cabrera, Lucero Carrera T\u00e9llez, Alejandro Armenta Rosas y Virginia Aburto Reyes.<br>Faltan por presentar a quienes vigilar\u00e1n proceso de entrega\u2014recepci\u00f3n<br>El gobernador electo de Puebla, Alejandro Armenta Mier, asegur\u00f3 que est\u00e1s adhesiones se sumar\u00e1n las 11 comisiones que conforman su equipo de transici\u00f3n, aunque se\u00f1al\u00f3 a\u00fan falta presentar a los representantes que vigilar\u00e1n los procesos de entrega\u2014recepci\u00f3n.<\/p>\n\n\n\n<p>El morenista coment\u00f3 que adem\u00e1s del equipo, contratar\u00e1 un despacho para el proceso de entrega\u2014recepci\u00f3n, al igual que el gobernador actual, Sergio Salom\u00f3n C\u00e9spedes Peregrina.<\/p>\n\n\n\n<p>\u201cEstamos esperando un equipo de asesores (\u2026) y contrataremos un equipo de despacho para el proceso de entrega\u2014recepci\u00f3n\u201d, dijo.<\/p>\n","protected":false},"excerpt":{"rendered":"<p>Ser\u00e1n 11 las comisiones de transici\u00f3n que conformen el equipo de entrega\u2014recepci\u00f3n entre la administraci\u00f3n del gobernador electo de Puebla, Alejandro Armenta Mier, y el actual titular del Ejecutivo del estado, Sergio Salom\u00f3n C\u00e9spedes Peregrina. Adem\u00e1s de las comisiones se integrar\u00e1 al equipo un despacho que contratar\u00e1 Armenta; as\u00ed lo inform\u00f3 Rodrigo Abdala Dartigues, coordinador [&hellip;]<\/p>\n","protected":false},"author":4,"featured_media":48772,"comment_status":"open","ping_status":"open","sticky":false,"template":"","format":"standard","meta":{"om_disable_all_campaigns":false,"_monsterinsights_skip_tracking":false,"_monsterinsights_sitenote_active":false,"_monsterinsights_sitenote_note":"","_monsterinsights_sitenote_category":0,"footnotes":""},"categories":[175],"tags":[128,195,223],"class_list":["post-48771","post","type-post","status-publish","format-standard","has-post-thumbnail","hentry","category-local","tag-politics","tag-principal","tag-puebla"],"amp_enabled":true,"_links":{"self":[{"href":"https:\/\/lahora.mx\/index.php\/wp-json\/wp\/v2\/posts\/48771","targetHints":{"allow":["GET"]}}],"collection":[{"href":"https:\/\/lahora.mx\/index.php\/wp-json\/wp\/v2\/posts"}],"about":[{"href":"https:\/\/lahora.mx\/index.php\/wp-json\/wp\/v2\/types\/post"}],"author":[{"embeddable":true,"href":"https:\/\/lahora.mx\/index.php\/wp-json\/wp\/v2\/users\/4"}],"replies":[{"embeddable":true,"href":"https:\/\/lahora.mx\/index.php\/wp-json\/wp\/v2\/comments?post=48771"}],"version-history":[{"count":1,"href":"https:\/\/lahora.mx\/index.php\/wp-json\/wp\/v2\/posts\/48771\/revisions"}],"predecessor-version":[{"id":48773,"href":"https:\/\/lahora.mx\/index.php\/wp-json\/wp\/v2\/posts\/48771\/revisions\/48773"}],"wp:featuredmedia":[{"embeddable":true,"href":"https:\/\/lahora.mx\/index.php\/wp-json\/wp\/v2\/media\/48772"}],"wp:attachment":[{"href":"https:\/\/lahora.mx\/index.php\/wp-json\/wp\/v2\/media?parent=48771"}],"wp:term":[{"taxonomy":"category","embeddable":true,"href":"https:\/\/lahora.mx\/index.php\/wp-json\/wp\/v2\/categories?post=48771"},{"taxonomy":"post_tag","embeddable":true,"href":"https:\/\/lahora.mx\/index.php\/wp-json\/wp\/v2\/tags?post=48771"}],"curies":[{"name":"wp","href":"https:\/\/api.w.org\/{rel}","templated":true}]}}