{"id":48768,"date":"2024-07-08T18:10:40","date_gmt":"2024-07-08T18:10:40","guid":{"rendered":"http:\/\/lahora.mx\/?p=48768"},"modified":"2024-07-08T18:10:40","modified_gmt":"2024-07-08T18:10:40","slug":"un-muerto-y-12-heridos-tras-volcadura-de-autobus-que-iba-de-cuautempan-a-cdmx","status":"publish","type":"post","link":"https:\/\/lahora.mx\/index.php\/2024\/07\/08\/un-muerto-y-12-heridos-tras-volcadura-de-autobus-que-iba-de-cuautempan-a-cdmx\/","title":{"rendered":"Un muerto y 12 heridos tras volcadura de autob\u00fas que iba de Cuautempan a CDMX"},"content":{"rendered":"\n<p>Se volc\u00f3 un autob\u00fas con pasajeros que sali\u00f3 de Cuautempan y se dirig\u00eda a la Ciudad de M\u00e9xico (CDMX) sobre la carretera Los Reyes\u2014Zacatepec, en el tramo hacia Texcoco; hasta el momento de escribir esta nota se inform\u00f3 sobre 12 personas heridas y una persona muerta.<\/p>\n\n\n\n<p>El accidente sucedi\u00f3 la madrugada de este 8 de julio, cuando el transporte con pasajeros provenientes de Cuautempan y Tetela de Ocampo perdi\u00f3 el control y termin\u00f3 volcado en la carretera; las causas que ocasionaron el siniestro a\u00fan se desconocen.<\/p>\n\n\n\n<p>Fue a las 5:30 horas de este lunes cuando se report\u00f3 a emergencias sobre el accidente, ubicado en el tramo carretero Texcoco\u2014Calpulalpan de la vialidad referida, a la altura del kil\u00f3metro 032\u2014000, en los l\u00edmites del estado de M\u00e9xico y Tlaxcala.<\/p>\n\n\n\n<p>Las llamadas indicaron que dentro del transporte se encontraban varias personas lesionadas. El autob\u00fas forma parte de la flota de la empresa Autotransporte Atan Ejecutivo S.A..<\/p>\n\n\n\n<p>Al sitio arribaron param\u00e9dicos de Caminos y Puentes Federales (Capufe) y otras corporaciones quienes comprobaron la existencia de 12 personas heridas por el accidente as\u00ed como el fallecimiento de un pasajero.<\/p>\n\n\n\n<p>Al occiso lo identificaron como residente de Cuautempan, aunque su identidad sigue sin conocerse. Al menos 11 de las 12 personas heridas m\u00e1s fueron trasladadas al Hospital Guadalupe Victoria en el Estado de M\u00e9xico, donde recibieron atenci\u00f3n.<\/p>\n","protected":false},"excerpt":{"rendered":"<p>Se volc\u00f3 un autob\u00fas con pasajeros que sali\u00f3 de Cuautempan y se dirig\u00eda a la Ciudad de M\u00e9xico (CDMX) sobre la carretera Los Reyes\u2014Zacatepec, en el tramo hacia Texcoco; hasta el momento de escribir esta nota se inform\u00f3 sobre 12 personas heridas y una persona muerta. El accidente sucedi\u00f3 la madrugada de este 8 de [&hellip;]<\/p>\n","protected":false},"author":4,"featured_media":48769,"comment_status":"open","ping_status":"open","sticky":false,"template":"","format":"standard","meta":{"om_disable_all_campaigns":false,"_monsterinsights_skip_tracking":false,"_monsterinsights_sitenote_active":false,"_monsterinsights_sitenote_note":"","_monsterinsights_sitenote_category":0,"footnotes":""},"categories":[175,176,226],"tags":[223],"class_list":["post-48768","post","type-post","status-publish","format-standard","has-post-thumbnail","hentry","category-local","category-nacional","category-policia","tag-puebla"],"amp_enabled":true,"_links":{"self":[{"href":"https:\/\/lahora.mx\/index.php\/wp-json\/wp\/v2\/posts\/48768","targetHints":{"allow":["GET"]}}],"collection":[{"href":"https:\/\/lahora.mx\/index.php\/wp-json\/wp\/v2\/posts"}],"about":[{"href":"https:\/\/lahora.mx\/index.php\/wp-json\/wp\/v2\/types\/post"}],"author":[{"embeddable":true,"href":"https:\/\/lahora.mx\/index.php\/wp-json\/wp\/v2\/users\/4"}],"replies":[{"embeddable":true,"href":"https:\/\/lahora.mx\/index.php\/wp-json\/wp\/v2\/comments?post=48768"}],"version-history":[{"count":1,"href":"https:\/\/lahora.mx\/index.php\/wp-json\/wp\/v2\/posts\/48768\/revisions"}],"predecessor-version":[{"id":48770,"href":"https:\/\/lahora.mx\/index.php\/wp-json\/wp\/v2\/posts\/48768\/revisions\/48770"}],"wp:featuredmedia":[{"embeddable":true,"href":"https:\/\/lahora.mx\/index.php\/wp-json\/wp\/v2\/media\/48769"}],"wp:attachment":[{"href":"https:\/\/lahora.mx\/index.php\/wp-json\/wp\/v2\/media?parent=48768"}],"wp:term":[{"taxonomy":"category","embeddable":true,"href":"https:\/\/lahora.mx\/index.php\/wp-json\/wp\/v2\/categories?post=48768"},{"taxonomy":"post_tag","embeddable":true,"href":"https:\/\/lahora.mx\/index.php\/wp-json\/wp\/v2\/tags?post=48768"}],"curies":[{"name":"wp","href":"https:\/\/api.w.org\/{rel}","templated":true}]}}