{"id":48759,"date":"2024-07-08T17:08:12","date_gmt":"2024-07-08T17:08:12","guid":{"rendered":"http:\/\/lahora.mx\/?p=48759"},"modified":"2024-07-08T17:08:13","modified_gmt":"2024-07-08T17:08:13","slug":"rescatan-a-hombre-que-fue-arrastrado-en-una-barranca-en-chapultepec","status":"publish","type":"post","link":"https:\/\/lahora.mx\/index.php\/2024\/07\/08\/rescatan-a-hombre-que-fue-arrastrado-en-una-barranca-en-chapultepec\/","title":{"rendered":"Rescatan a hombre que fue arrastrado en una barranca en Chapultepec"},"content":{"rendered":"\n<p>En la colonia Chapultepec un hombre tuvo que ser rescatado por elementos de Protecci\u00f3n Civil, pues fue arrastrado por la corriente del r\u00edo cuando se intern\u00f3 a una barranca para buscar a unos perritos.<\/p>\n\n\n\n<p>Fue la noche del domingo 7 de julio cuando vecinos de la colonia Chapultepec reportaron a emergencias que un hombre llamado No\u00e9, habitante de la zona, fue arrastrado por la creciente del r\u00edo, el cual lo arrastr\u00f3 cuando se intern\u00f3 a una de las barrancas de la zona.<\/p>\n\n\n\n<p>Rescatan a hombre que fue arrastrado en una barranca en Chapultepec<br>Al sitio acudieron param\u00e9dicos de Protecci\u00f3n Civil, as\u00ed como bomberos del estado, quienes con equipo especializado lograron rescatar al hombre de 46 a\u00f1os de edad, el cual refiri\u00f3 que si se introdujo a la barranca fue para buscar a unos perritos por la lluvia.<br>De igual forma, adem\u00e1s de los cuerpos de emergencia, tambi\u00e9n los vecinos ayudaron en el rescate, logrando as\u00ed salvarlo con vida.<\/p>\n\n\n\n<p>No\u00e9 fue valorado por servicios prehospitalarios sin requerir traslado a un hospital. En tanto, personal Departamento de Atenci\u00f3n a V\u00edctimas brind\u00f3 apoyo a los dem\u00e1s integrantes de esa familia.<\/p>\n\n\n\n<p>Hasta el momento este hecho ha sido el \u00fanico percance reportado a emergencias derivado de la lluvia de ayer que registr\u00f3 la capital poblana, pues no se informaron acerca de otros accidentes.<\/p>\n","protected":false},"excerpt":{"rendered":"<p>En la colonia Chapultepec un hombre tuvo que ser rescatado por elementos de Protecci\u00f3n Civil, pues fue arrastrado por la corriente del r\u00edo cuando se intern\u00f3 a una barranca para buscar a unos perritos. Fue la noche del domingo 7 de julio cuando vecinos de la colonia Chapultepec reportaron a emergencias que un hombre llamado [&hellip;]<\/p>\n","protected":false},"author":4,"featured_media":48760,"comment_status":"open","ping_status":"open","sticky":false,"template":"","format":"standard","meta":{"om_disable_all_campaigns":false,"_monsterinsights_skip_tracking":false,"_monsterinsights_sitenote_active":false,"_monsterinsights_sitenote_note":"","_monsterinsights_sitenote_category":0,"footnotes":""},"categories":[175,226],"tags":[223],"class_list":["post-48759","post","type-post","status-publish","format-standard","has-post-thumbnail","hentry","category-local","category-policia","tag-puebla"],"amp_enabled":true,"_links":{"self":[{"href":"https:\/\/lahora.mx\/index.php\/wp-json\/wp\/v2\/posts\/48759","targetHints":{"allow":["GET"]}}],"collection":[{"href":"https:\/\/lahora.mx\/index.php\/wp-json\/wp\/v2\/posts"}],"about":[{"href":"https:\/\/lahora.mx\/index.php\/wp-json\/wp\/v2\/types\/post"}],"author":[{"embeddable":true,"href":"https:\/\/lahora.mx\/index.php\/wp-json\/wp\/v2\/users\/4"}],"replies":[{"embeddable":true,"href":"https:\/\/lahora.mx\/index.php\/wp-json\/wp\/v2\/comments?post=48759"}],"version-history":[{"count":1,"href":"https:\/\/lahora.mx\/index.php\/wp-json\/wp\/v2\/posts\/48759\/revisions"}],"predecessor-version":[{"id":48761,"href":"https:\/\/lahora.mx\/index.php\/wp-json\/wp\/v2\/posts\/48759\/revisions\/48761"}],"wp:featuredmedia":[{"embeddable":true,"href":"https:\/\/lahora.mx\/index.php\/wp-json\/wp\/v2\/media\/48760"}],"wp:attachment":[{"href":"https:\/\/lahora.mx\/index.php\/wp-json\/wp\/v2\/media?parent=48759"}],"wp:term":[{"taxonomy":"category","embeddable":true,"href":"https:\/\/lahora.mx\/index.php\/wp-json\/wp\/v2\/categories?post=48759"},{"taxonomy":"post_tag","embeddable":true,"href":"https:\/\/lahora.mx\/index.php\/wp-json\/wp\/v2\/tags?post=48759"}],"curies":[{"name":"wp","href":"https:\/\/api.w.org\/{rel}","templated":true}]}}