{"id":48743,"date":"2024-07-08T02:28:39","date_gmt":"2024-07-08T02:28:39","guid":{"rendered":"http:\/\/lahora.mx\/?p=48743"},"modified":"2024-07-08T02:28:39","modified_gmt":"2024-07-08T02:28:39","slug":"el-pan-debe-erradicar-grupos-internos-si-quiere-mantenerse-fraile","status":"publish","type":"post","link":"https:\/\/lahora.mx\/index.php\/2024\/07\/08\/el-pan-debe-erradicar-grupos-internos-si-quiere-mantenerse-fraile\/","title":{"rendered":"El PAN debe erradicar grupos internos si quiere mantenerse: Fraile"},"content":{"rendered":"\n<p>Francisco Fraile Garc\u00eda renunci\u00f3 a Acci\u00f3n Nacional (PAN) porque se\u00f1al\u00f3 el partido perdi\u00f3 la doctrina que lo defin\u00eda, ya que ahora se privilegia la inmediatez sobre el trabajo constante y en colectivo, sin embargo, considera que la instituci\u00f3n puede mantenerse si erradican los clanes y se retoma la identidad.<\/p>\n\n\n\n<p>El 4 de julio pasado, Fraile hizo p\u00fablica su renuncia tras 51 a\u00f1os de militancia, dijo que se va sin rencores ni resentimientos. As\u00ed lo difundi\u00f3 en un video en sus redes. Despu\u00e9s extendi\u00f3 su explicaci\u00f3n en entrevista en el programa Ante La Corte, de e-consulta.<\/p>\n\n\n\n<p>Para Fraile, la salvaci\u00f3n del PAN es dejar el sectarismo, el amiguismo, los clanes, los grupos, pues por privilegiarse algunos cuantos se fragment\u00f3 el partid, asegur\u00f3.<br>Consider\u00f3 que debe regresar el di\u00e1logo, una discusi\u00f3n interna del partido pero incluyente, en el que todos se escuchen y lleguen acuerdos. Pero no de grupos o de clanes.<\/p>\n\n\n\n<p>\u200b<br>\u201cAhora, la inmediatez es lo que cuenta, eso es lo que importa en el PAN. Antes, al domingo siguiente despu\u00e9s de una elecci\u00f3n, empez\u00e1bamos a trabajar en un nuevo proceso electoral. Ahora se olvidan y seis meses antes se ponen a preparar\u201d, dijo para e-consulta.<\/p>\n\n\n\n<p>El excandidato a gobernador revel\u00f3 que en la \u00faltima sesi\u00f3n del Consejo Estatal del blanquiazul se evidenciaron los grupos, situaci\u00f3n que reafirm\u00f3 la actual dirigente del partido en Puebla, Agusta D\u00edaz de Rivera, que en un tuit lament\u00f3 la salida de Fraile y escribi\u00f3 al respecto.<\/p>\n\n\n\n<p><br>\u201cEn la m\u00e1s reciente sesi\u00f3n del Consejo Estatal, termin\u00f3 una discusi\u00f3n de media hora con una intervenci\u00f3n de dos minutos. Ese es Paco Fraile, ese es el peso de una autoridad ganada con trabajo y amor\u201d, escribi\u00f3 D\u00edaz de Rivera.<\/p>\n\n\n\n<p>Dirigencia debe ser en Consejo Estatal<br>Ante la discusi\u00f3n que existe actualmente sobre la pr\u00f3xima dirigencia del PAN en Puebla, Fraile dijo que a \u00e9l ya no le interes\u00f3 esperar, aguardar para ver qui\u00e9n llegaba, pues la fractura est\u00e1 hecha.<\/p>\n\n\n\n<p>Sin embargo, recomend\u00f3 a su expartido que la elecci\u00f3n debe ser por la v\u00eda del Consejo Estatal, porque en caso de abrirse a toda la militancia se corre el riesgo de que ingresen patrocinios o perfiles externos que atiendan intereses del crimen o de otros partidos, como Morena.<\/p>\n\n\n\n<p>Recomend\u00f3 a los perfiles que buscan dirigir al partido en el estado que presenten un plan de gobierno, que delineen una estrategia que convenza al panismo, para que no sea solo la inmediatez la que defina.<\/p>\n\n\n\n<p>\u201cSe debe empezar hoy a planear, para dentro de tres a\u00f1os. De otra forma no ser\u00e1 posible\u201d, recalc\u00f3 quien fue varias veces diputado local, federal y senador de la Rep\u00fablica.<\/p>\n\n\n\n<p>Sobre la actual posici\u00f3n de minor\u00eda opositora que tiene el PAN, Fraile consider\u00f3 que Acci\u00f3n Nacional debe ser un partido de confrontaci\u00f3n, pero de di\u00e1logo, provocar una comunicaci\u00f3n a partir de una confrontaci\u00f3n y despu\u00e9s encontrar coincidencias.<\/p>\n\n\n\n<p>Se\u00f1al\u00f3 que no es la primera vez que el PAN es minor\u00eda, o enfrenta una mayor\u00eda en el Congreso poblano, pero asegur\u00f3 siempre se tiene la posibilidad de trabajar de nuevo para revertir los resultados electorales.<\/p>\n\n\n\n<p>El futuro de Fraile, reactivar a la sociedad civil<br>Si bien fue mesurado para planear su futuro, el llamado \u201cpastor\u201d dijo que se dedicar\u00e1 a reactivar a la sociedad civil, para que sepa que su voto a\u00fan tiene valor y puede exigir a los gobernantes electos desde la civilidad.<\/p>\n\n\n\n<p>\u201cEstoy buscando un nuevo horizonte pol\u00edtico, no un nuevo partido. Nunca he pensado en pasarme a otro partido\u201d, sentenci\u00f3.<\/p>\n","protected":false},"excerpt":{"rendered":"<p>Francisco Fraile Garc\u00eda renunci\u00f3 a Acci\u00f3n Nacional (PAN) porque se\u00f1al\u00f3 el partido perdi\u00f3 la doctrina que lo defin\u00eda, ya que ahora se privilegia la inmediatez sobre el trabajo constante y en colectivo, sin embargo, considera que la instituci\u00f3n puede mantenerse si erradican los clanes y se retoma la identidad. El 4 de julio pasado, Fraile [&hellip;]<\/p>\n","protected":false},"author":4,"featured_media":48744,"comment_status":"open","ping_status":"open","sticky":false,"template":"","format":"standard","meta":{"om_disable_all_campaigns":false,"_monsterinsights_skip_tracking":false,"_monsterinsights_sitenote_active":false,"_monsterinsights_sitenote_note":"","_monsterinsights_sitenote_category":0,"footnotes":""},"categories":[176,5],"tags":[128,223],"class_list":["post-48743","post","type-post","status-publish","format-standard","has-post-thumbnail","hentry","category-nacional","category-politica","tag-politics","tag-puebla"],"amp_enabled":true,"_links":{"self":[{"href":"https:\/\/lahora.mx\/index.php\/wp-json\/wp\/v2\/posts\/48743","targetHints":{"allow":["GET"]}}],"collection":[{"href":"https:\/\/lahora.mx\/index.php\/wp-json\/wp\/v2\/posts"}],"about":[{"href":"https:\/\/lahora.mx\/index.php\/wp-json\/wp\/v2\/types\/post"}],"author":[{"embeddable":true,"href":"https:\/\/lahora.mx\/index.php\/wp-json\/wp\/v2\/users\/4"}],"replies":[{"embeddable":true,"href":"https:\/\/lahora.mx\/index.php\/wp-json\/wp\/v2\/comments?post=48743"}],"version-history":[{"count":1,"href":"https:\/\/lahora.mx\/index.php\/wp-json\/wp\/v2\/posts\/48743\/revisions"}],"predecessor-version":[{"id":48745,"href":"https:\/\/lahora.mx\/index.php\/wp-json\/wp\/v2\/posts\/48743\/revisions\/48745"}],"wp:featuredmedia":[{"embeddable":true,"href":"https:\/\/lahora.mx\/index.php\/wp-json\/wp\/v2\/media\/48744"}],"wp:attachment":[{"href":"https:\/\/lahora.mx\/index.php\/wp-json\/wp\/v2\/media?parent=48743"}],"wp:term":[{"taxonomy":"category","embeddable":true,"href":"https:\/\/lahora.mx\/index.php\/wp-json\/wp\/v2\/categories?post=48743"},{"taxonomy":"post_tag","embeddable":true,"href":"https:\/\/lahora.mx\/index.php\/wp-json\/wp\/v2\/tags?post=48743"}],"curies":[{"name":"wp","href":"https:\/\/api.w.org\/{rel}","templated":true}]}}