{"id":48707,"date":"2024-07-06T01:49:57","date_gmt":"2024-07-06T01:49:57","guid":{"rendered":"http:\/\/lahora.mx\/?p=48707"},"modified":"2024-07-06T01:49:57","modified_gmt":"2024-07-06T01:49:57","slug":"constructores-reconocen-el-trabajo-del-gobierno-de-puebla-en-materia-de-infraestructura-publica","status":"publish","type":"post","link":"https:\/\/lahora.mx\/index.php\/2024\/07\/06\/constructores-reconocen-el-trabajo-del-gobierno-de-puebla-en-materia-de-infraestructura-publica\/","title":{"rendered":"Constructores reconocen el trabajo del gobierno de Puebla en materia de infraestructura p\u00fablica"},"content":{"rendered":"\n<p>El sector de la construcci\u00f3n del estado de Puebla reconoci\u00f3 el trabajo en materia de infraestructura p\u00fablica que ha realizado el gobernador Sergio Salom\u00f3n C\u00e9spedes Peregrina.<\/p>\n\n\n\n<p>Durante la inauguraci\u00f3n de la Expo Construcci\u00f3n y Vivienda 2024, Luis M\u00e9ndez Jaled, presidente nacional de la C\u00e1mara Mexicana de la Industria de la Construcci\u00f3n (CMIC), destac\u00f3 que el desarrollo de la entidad es resultado de la armon\u00eda que tienen las autoridades con la iniciativa privada.<br>Incluso, asegur\u00f3 que esta sinergia genera diversos beneficios, como son m\u00e1s inversiones, derrama econ\u00f3mica y una mejor calidad de vida para las personas.<\/p>\n\n\n\n<p>Transici\u00f3n de Gobierno, oportunidad para generar pol\u00edticas p\u00fablicas: Sergio Salom\u00f3n<br>Se\u00f1or gobernador, los constructores de M\u00e9xico refrendamos nuestro apoyo y reconocemos su esfuerzo y trabajo que ha dado buenos resultados en el estado<br>asever\u00f3.<\/p>\n\n\n\n<p>Asimismo, hizo un llamado para que todas las obras sean destinadas a empresas formalmente establecidas que generan empleos y pagan impuestos.<\/p>\n\n\n\n<p>Por su parte, Gustavo Vargas Constantini, presidente local de la CMIC, reconoci\u00f3 que en Puebla se ha generado una inversi\u00f3n hist\u00f3rica en materia de infraestructura p\u00fablica.<\/p>\n\n\n\n<p>Por ello, agradeci\u00f3 a C\u00e9spedes Peregrina por el trabajo colaborativo que han tenido desde el inicio de su administraci\u00f3n, con el fin de generar proyectos productivos de manera conjunta.<\/p>\n\n\n\n<p>Ante estas declaraciones, el mandatario estatal dijo que su gobierno se ha encargado de generar las condiciones necesarias para dar facilidades a los constructores y desarrolladores de obras.<\/p>\n\n\n\n<p>Los constructores hicieron un llamado para que todas las obras sean destinadas a empresas formalmente establecidas que generan empleos y pagan impuestos. Foto: Bibiana Diaz \/ El Sol de Puebla<\/p>\n\n\n\n<p>Por si fuera poco, abon\u00f3 que el desarrollo del estado tambi\u00e9n es resultado de una buena gobernabilidad, seguridad y del ambiente que tienen los poblanos.<\/p>\n\n\n\n<p>\u201cSin duda, aqu\u00ed existe una buena relaci\u00f3n entre el sector privado y nosotros. Les sigo extendiendo mi apoyo, pues esto se refleja directamente en el bienestar de las personas (\u2026) No dudo que tendr\u00e1n las misma relaci\u00f3n con el pr\u00f3ximo gobernador, Alejandro Armenta Mier\u201d, concluy\u00f3.<\/p>\n","protected":false},"excerpt":{"rendered":"<p>El sector de la construcci\u00f3n del estado de Puebla reconoci\u00f3 el trabajo en materia de infraestructura p\u00fablica que ha realizado el gobernador Sergio Salom\u00f3n C\u00e9spedes Peregrina. Durante la inauguraci\u00f3n de la Expo Construcci\u00f3n y Vivienda 2024, Luis M\u00e9ndez Jaled, presidente nacional de la C\u00e1mara Mexicana de la Industria de la Construcci\u00f3n (CMIC), destac\u00f3 que el [&hellip;]<\/p>\n","protected":false},"author":4,"featured_media":48708,"comment_status":"open","ping_status":"open","sticky":false,"template":"","format":"standard","meta":{"om_disable_all_campaigns":false,"_monsterinsights_skip_tracking":false,"_monsterinsights_sitenote_active":false,"_monsterinsights_sitenote_note":"","_monsterinsights_sitenote_category":0,"footnotes":""},"categories":[176],"tags":[239],"class_list":["post-48707","post","type-post","status-publish","format-standard","has-post-thumbnail","hentry","category-nacional","tag-gobierno"],"amp_enabled":true,"_links":{"self":[{"href":"https:\/\/lahora.mx\/index.php\/wp-json\/wp\/v2\/posts\/48707","targetHints":{"allow":["GET"]}}],"collection":[{"href":"https:\/\/lahora.mx\/index.php\/wp-json\/wp\/v2\/posts"}],"about":[{"href":"https:\/\/lahora.mx\/index.php\/wp-json\/wp\/v2\/types\/post"}],"author":[{"embeddable":true,"href":"https:\/\/lahora.mx\/index.php\/wp-json\/wp\/v2\/users\/4"}],"replies":[{"embeddable":true,"href":"https:\/\/lahora.mx\/index.php\/wp-json\/wp\/v2\/comments?post=48707"}],"version-history":[{"count":1,"href":"https:\/\/lahora.mx\/index.php\/wp-json\/wp\/v2\/posts\/48707\/revisions"}],"predecessor-version":[{"id":48709,"href":"https:\/\/lahora.mx\/index.php\/wp-json\/wp\/v2\/posts\/48707\/revisions\/48709"}],"wp:featuredmedia":[{"embeddable":true,"href":"https:\/\/lahora.mx\/index.php\/wp-json\/wp\/v2\/media\/48708"}],"wp:attachment":[{"href":"https:\/\/lahora.mx\/index.php\/wp-json\/wp\/v2\/media?parent=48707"}],"wp:term":[{"taxonomy":"category","embeddable":true,"href":"https:\/\/lahora.mx\/index.php\/wp-json\/wp\/v2\/categories?post=48707"},{"taxonomy":"post_tag","embeddable":true,"href":"https:\/\/lahora.mx\/index.php\/wp-json\/wp\/v2\/tags?post=48707"}],"curies":[{"name":"wp","href":"https:\/\/api.w.org\/{rel}","templated":true}]}}