{"id":48695,"date":"2024-07-06T01:27:57","date_gmt":"2024-07-06T01:27:57","guid":{"rendered":"http:\/\/lahora.mx\/?p=48695"},"modified":"2024-07-06T01:27:57","modified_gmt":"2024-07-06T01:27:57","slug":"aqui-estan-colocadas-las-camaras-de-fotomulta-por-no-verificar-en-puebla","status":"publish","type":"post","link":"https:\/\/lahora.mx\/index.php\/2024\/07\/06\/aqui-estan-colocadas-las-camaras-de-fotomulta-por-no-verificar-en-puebla\/","title":{"rendered":"Aqu\u00ed est\u00e1n colocadas las c\u00e1maras de fotomulta por no verificar en Puebla"},"content":{"rendered":"\n<p>La Secretar\u00eda de Medio Ambiente estatal activ\u00f3 esta semana una serie de c\u00e1maras para las fotomultas de control de verificaci\u00f3n vehicular, para detectar unidades que no hayan cumplido a\u00fan con este tr\u00e1mite en Puebla.<\/p>\n\n\n\n<p>En redes sociales, se comparti\u00f3 que la Secretar\u00eda de Medio Ambiente estatal habilit\u00f3 una serie de dispositivos, para supervisar que los autom\u00f3viles que circulan en la ciudad de Puebla, cumplan con su control de verificaci\u00f3n vehicular.<\/p>\n\n\n\n<p>Estos dispositivos, en su mayor\u00eda c\u00e1maras, ser\u00e1n rotativos y se colocar\u00e1n en diferentes puntos. A fin de supervisar si los autom\u00f3viles en circulaci\u00f3n cumplen con la verificaci\u00f3n veh\u00edcular. Y, seg\u00fan sea el caso, de imponer sanciones a los automovilistas que no hayan realizado este tr\u00e1mite.<\/p>\n\n\n\n<p>Los primeros dispositivos se vieron en camellones de la 11 Sur y 57 Poniente en la ciudad de Puebla, acompa\u00f1adas de conos verdes. Las cuales detectar\u00e1n veh\u00edculos que a\u00fan no se hayan verificado.<\/p>\n\n\n\n<p>Dichos dispositivos ser\u00e1n rotativos, por lo que en los pr\u00f3ximos d\u00edas se instalar\u00e1n en otros puntos. En los que intentar\u00e1n detectar autom\u00f3viles que no cumplan a\u00fan con su verificaci\u00f3n vehicular en Puebla para su correspondiente fotomulta.<\/p>\n\n\n\n<p>Cabe se\u00f1alar que, entre las sanciones impuestas por la Secretar\u00eda de Medio Ambiente, por no cumplir con la verificaci\u00f3n vehicular, destacan multas de hasta 20 UMAs (Unidades de Medida y Actualizaci\u00f3n) lo que equivale a 2 mil 171 pesos.<\/p>\n","protected":false},"excerpt":{"rendered":"<p>La Secretar\u00eda de Medio Ambiente estatal activ\u00f3 esta semana una serie de c\u00e1maras para las fotomultas de control de verificaci\u00f3n vehicular, para detectar unidades que no hayan cumplido a\u00fan con este tr\u00e1mite en Puebla. En redes sociales, se comparti\u00f3 que la Secretar\u00eda de Medio Ambiente estatal habilit\u00f3 una serie de dispositivos, para supervisar que los [&hellip;]<\/p>\n","protected":false},"author":4,"featured_media":48696,"comment_status":"open","ping_status":"open","sticky":false,"template":"","format":"standard","meta":{"om_disable_all_campaigns":false,"_monsterinsights_skip_tracking":false,"_monsterinsights_sitenote_active":false,"_monsterinsights_sitenote_note":"","_monsterinsights_sitenote_category":0,"footnotes":""},"categories":[175],"tags":[223],"class_list":["post-48695","post","type-post","status-publish","format-standard","has-post-thumbnail","hentry","category-local","tag-puebla"],"amp_enabled":true,"_links":{"self":[{"href":"https:\/\/lahora.mx\/index.php\/wp-json\/wp\/v2\/posts\/48695","targetHints":{"allow":["GET"]}}],"collection":[{"href":"https:\/\/lahora.mx\/index.php\/wp-json\/wp\/v2\/posts"}],"about":[{"href":"https:\/\/lahora.mx\/index.php\/wp-json\/wp\/v2\/types\/post"}],"author":[{"embeddable":true,"href":"https:\/\/lahora.mx\/index.php\/wp-json\/wp\/v2\/users\/4"}],"replies":[{"embeddable":true,"href":"https:\/\/lahora.mx\/index.php\/wp-json\/wp\/v2\/comments?post=48695"}],"version-history":[{"count":1,"href":"https:\/\/lahora.mx\/index.php\/wp-json\/wp\/v2\/posts\/48695\/revisions"}],"predecessor-version":[{"id":48697,"href":"https:\/\/lahora.mx\/index.php\/wp-json\/wp\/v2\/posts\/48695\/revisions\/48697"}],"wp:featuredmedia":[{"embeddable":true,"href":"https:\/\/lahora.mx\/index.php\/wp-json\/wp\/v2\/media\/48696"}],"wp:attachment":[{"href":"https:\/\/lahora.mx\/index.php\/wp-json\/wp\/v2\/media?parent=48695"}],"wp:term":[{"taxonomy":"category","embeddable":true,"href":"https:\/\/lahora.mx\/index.php\/wp-json\/wp\/v2\/categories?post=48695"},{"taxonomy":"post_tag","embeddable":true,"href":"https:\/\/lahora.mx\/index.php\/wp-json\/wp\/v2\/tags?post=48695"}],"curies":[{"name":"wp","href":"https:\/\/api.w.org\/{rel}","templated":true}]}}