{"id":48683,"date":"2024-07-06T01:08:31","date_gmt":"2024-07-06T01:08:31","guid":{"rendered":"http:\/\/lahora.mx\/?p=48683"},"modified":"2024-07-06T01:08:38","modified_gmt":"2024-07-06T01:08:38","slug":"gabinete-de-sheinbaum-dara-continuidad-a-la-cuarta-transformacion-afirma-la-gobernadora-lorena-cuellar","status":"publish","type":"post","link":"https:\/\/lahora.mx\/index.php\/2024\/07\/06\/gabinete-de-sheinbaum-dara-continuidad-a-la-cuarta-transformacion-afirma-la-gobernadora-lorena-cuellar\/","title":{"rendered":"Gabinete de Sheinbaum dar\u00e1 continuidad a la Cuarta Transformaci\u00f3n, afirma la gobernadora Lorena Cu\u00e9llar"},"content":{"rendered":"\n<p>Tras conocer la tercera parte del gabinete de la virtual presidenta electa de M\u00e9xico, Claudia Sheinbaum, la gobernadora Lorena Cu\u00e9llar Cisneros asegur\u00f3 que el gabinete federal est\u00e1 s\u00f3lido y dar\u00e1 continuidad a la Cuarta Transformaci\u00f3n.<\/p>\n\n\n\n<p>La Secretar\u00eda de Gobernaci\u00f3n estar\u00e1 presidida Rosa Icela Rodr\u00edguez Vel\u00e1zquez; la Secretar\u00eda de Seguridad y Protecci\u00f3n Ciudadana, por Omar Garc\u00eda Harfuch; en tanto la Secretar\u00eda de Bienestar, por Ariadna Montiel; en la Secretar\u00eda de Educaci\u00f3n P\u00fablica estar\u00e1 Mario Delgado.<\/p>\n\n\n\n<p>Por medio de sus redes sociales la mandataria Cu\u00e9llar Cisneros hizo un reconocimiento a la futura presidenta de la Rep\u00fablica Mexicana por compartir la integraci\u00f3n de su gabinete legal y ampliado que tendr\u00e1n interacci\u00f3n con los gobiernos de los estados.<br><br><\/p>\n\n\n\n<p>Mi reconocimiento total a la Dra. Claudia Sheinbaum, presidenta electa de M\u00e9xico, por su gran decisi\u00f3n al nombrar a un gabinete s\u00f3lido y comprometido. En hora buena compa\u00f1eros por esta gran oportunidad de servir a su pa\u00eds<br>, resalt\u00f3.<\/p>\n\n\n\n<p>\u201cQUEDA EN BUENAS MANOS LA SECRETAR\u00cdA DEL BIENESTAR\u201d<br><\/p>\n\n\n\n<p>Por su lado, el delegado de la Secretar\u00eda del Bienestar en Tlaxcala, Carlos Luna V\u00e1zquez, asever\u00f3 que queda en buenas manos la dependencia federal para continuar con la entrega de ayudas sociales a los diferentes grupos de poblaci\u00f3n.<\/p>\n\n\n\n<p>El tambi\u00e9n coordinador de Programas Federales opin\u00f3 que la actual titular de la Secretar\u00eda del Bienestar, y que permanecer\u00e1 en el cargo para el siguiente sexenio, ha demostrado el compromiso con los mexicanos y la pol\u00edtica de la Cuarta Transformaci\u00f3n que encabez\u00f3 el presidente Andr\u00e9s Manuel L\u00f3pez Obrador.<\/p>\n\n\n\n<p>Asegur\u00f3 que la secretaria Ariadna Montiel dar\u00e1 continuidad y fortalecimiento a los trabajos y programas sociales que tiene el pa\u00eds, pues primero es la gente que m\u00e1s lo necesita, como los adultos mayores, personas con discapacidad, gente del campo, el sector salud, entre otros.<\/p>\n\n\n\n<p>\u201cGracias al trabajo que ella ha realizado como secretaria y desde luego es la responsabilidad demostrada. Su designaci\u00f3n una vez m\u00e1s para m\u00ed me pone muy contengo, porque ha demostrado su compromiso con el pueblo de M\u00e9xico\u201d, finaliz\u00f3.<\/p>\n","protected":false},"excerpt":{"rendered":"<p>Tras conocer la tercera parte del gabinete de la virtual presidenta electa de M\u00e9xico, Claudia Sheinbaum, la gobernadora Lorena Cu\u00e9llar Cisneros asegur\u00f3 que el gabinete federal est\u00e1 s\u00f3lido y dar\u00e1 continuidad a la Cuarta Transformaci\u00f3n. La Secretar\u00eda de Gobernaci\u00f3n estar\u00e1 presidida Rosa Icela Rodr\u00edguez Vel\u00e1zquez; la Secretar\u00eda de Seguridad y Protecci\u00f3n Ciudadana, por Omar Garc\u00eda [&hellip;]<\/p>\n","protected":false},"author":4,"featured_media":48684,"comment_status":"open","ping_status":"open","sticky":false,"template":"","format":"standard","meta":{"om_disable_all_campaigns":false,"_monsterinsights_skip_tracking":false,"_monsterinsights_sitenote_active":false,"_monsterinsights_sitenote_note":"","_monsterinsights_sitenote_category":0,"footnotes":""},"categories":[175],"tags":[223,210],"class_list":["post-48683","post","type-post","status-publish","format-standard","has-post-thumbnail","hentry","category-local","tag-puebla","tag-tlaxcala"],"amp_enabled":true,"_links":{"self":[{"href":"https:\/\/lahora.mx\/index.php\/wp-json\/wp\/v2\/posts\/48683","targetHints":{"allow":["GET"]}}],"collection":[{"href":"https:\/\/lahora.mx\/index.php\/wp-json\/wp\/v2\/posts"}],"about":[{"href":"https:\/\/lahora.mx\/index.php\/wp-json\/wp\/v2\/types\/post"}],"author":[{"embeddable":true,"href":"https:\/\/lahora.mx\/index.php\/wp-json\/wp\/v2\/users\/4"}],"replies":[{"embeddable":true,"href":"https:\/\/lahora.mx\/index.php\/wp-json\/wp\/v2\/comments?post=48683"}],"version-history":[{"count":1,"href":"https:\/\/lahora.mx\/index.php\/wp-json\/wp\/v2\/posts\/48683\/revisions"}],"predecessor-version":[{"id":48685,"href":"https:\/\/lahora.mx\/index.php\/wp-json\/wp\/v2\/posts\/48683\/revisions\/48685"}],"wp:featuredmedia":[{"embeddable":true,"href":"https:\/\/lahora.mx\/index.php\/wp-json\/wp\/v2\/media\/48684"}],"wp:attachment":[{"href":"https:\/\/lahora.mx\/index.php\/wp-json\/wp\/v2\/media?parent=48683"}],"wp:term":[{"taxonomy":"category","embeddable":true,"href":"https:\/\/lahora.mx\/index.php\/wp-json\/wp\/v2\/categories?post=48683"},{"taxonomy":"post_tag","embeddable":true,"href":"https:\/\/lahora.mx\/index.php\/wp-json\/wp\/v2\/tags?post=48683"}],"curies":[{"name":"wp","href":"https:\/\/api.w.org\/{rel}","templated":true}]}}