{"id":48655,"date":"2024-07-05T00:32:16","date_gmt":"2024-07-05T00:32:16","guid":{"rendered":"http:\/\/lahora.mx\/?p=48655"},"modified":"2024-07-05T00:32:16","modified_gmt":"2024-07-05T00:32:16","slug":"propone-diputado-de-morena-carcel-y-multas-para-quienes-cierren-calles-en-protestas","status":"publish","type":"post","link":"https:\/\/lahora.mx\/index.php\/2024\/07\/05\/propone-diputado-de-morena-carcel-y-multas-para-quienes-cierren-calles-en-protestas\/","title":{"rendered":"Propone diputado de Morena c\u00e1rcel y multas para quienes cierren calles en protestas"},"content":{"rendered":"\n<p>Durante junio y los primeros d\u00edas de julio en la ciudad de Puebla se han registrado ocho manifestaciones en vialidades como Perif\u00e9rico Ecol\u00f3gico, la 11 Sur y la 31 Poniente, entre otras. Por esta raz\u00f3n, los diputados del Congreso del estado buscar\u00e1n que se castigue a quienes incurran en estas acciones con sanciones que ir\u00edan de los 3 d\u00edas a los 4 a\u00f1os de prisi\u00f3n, esto mediante una reforma al C\u00f3digo Penal.<\/p>\n\n\n\n<p>En sesi\u00f3n del Pleno, el diputado de Morena, Fernando S\u00e1nchez Sasia, propuso realizar una reforma al art\u00edculo 188 del C\u00f3digo Penal del estado de Puebla, a fin de sancionar a todos los que impidan el libre tr\u00e1nsito en la entidad.<\/p>\n\n\n\n<p>Las sanciones ir\u00edan de 3 d\u00edas a 4 a\u00f1os de c\u00e1rcel, adem\u00e1s de multas desde los 325.71 pesos hasta los 32 mil 571.<br><\/p>\n\n\n\n<p>Fernando S\u00e1nchez indic\u00f3 que en la entidad poblana el viernes 28 de junio hubo diversas manifestaciones: una en la 11 Sur, otra en Perif\u00e9rico Ecol\u00f3gico y una m\u00e1s en la autopista Puebla-Veracruz, lo cual impidi\u00f3 el libre tr\u00e1nsito.<\/p>\n\n\n\n<p>Ante ello, el morenista asegur\u00f3 que este tipo de acciones deben evitarse, pues la soluci\u00f3n es el di\u00e1logo y acuerdos entre autoridades y ciudadan\u00eda.<\/p>\n\n\n\n<p>\u201cEs cierto que el derecho a la libre expresi\u00f3n est\u00e1 garantizado, pero no se debe dejar que afecte el libre tr\u00e1nsito. Deber\u00edan ser sancionados, ya que est\u00e1n afectando el derecho de tr\u00e1nsito a las personas\u201d, dijo.<\/p>\n\n\n\n<p>Esta propuesta ser\u00e1 analizada por la Comisi\u00f3n Procuraci\u00f3n y Administraci\u00f3n de Justicia para determinar si es viable una reforma al C\u00f3digo Penal para sancionar a los manifestantes.<\/p>\n\n\n\n<p>Las protestas recientes en Puebla<\/p>\n\n\n\n<p>La manifestaci\u00f3n m\u00e1s reciente tuvo lugar el 3 de julio en la V\u00eda Atlixc\u00e1yotl, donde un grupo de taxistas exigi\u00f3 justicia por la muerte de un compa\u00f1ero suyo a causa de un asalto.<\/p>\n\n\n\n<p>El 28 de junio 130 unidades de transporte participaron en un paro nacional, en la zona de la caseta de Amozoc, para exigir el pago de su labor en la construcci\u00f3n del Tren Maya.<\/p>\n\n\n\n<p>Ese mismo 28 de junio, a las 18:00 horas, varias personas cerraron ambos sentidos del Perif\u00e9rico Ecol\u00f3gico y la 11 Sur, pidiendo la liberaci\u00f3n del l\u00edder de comerciantes Federico L\u00f3pez \u201cEl Fede\u201d, detenido en 2022.<\/p>\n\n\n\n<p>El 20 de junio abogados bloquearon los accesos de la Junta Federal de Conciliaci\u00f3n y Arbitraje de la Secretar\u00eda de Trabajo y Previsi\u00f3n Social a fin de evitar la salida de expedientes del inmueble, en la 31 Poniente.<\/p>\n\n\n\n<p>El 15 de junio pobladores de Palmar de Bravo tomaron ambos sentidos de la autopista Puebla-C\u00f3rdoba para rechazar los resultados de la elecci\u00f3n, donde Juan Carlos Varillas result\u00f3 ganador de la alcald\u00eda.<\/p>\n\n\n\n<p>El 21 de junio vecinos del fraccionamiento Haras bloquearon el Perif\u00e9rico Ecol\u00f3gico porque exig\u00edan la reconexi\u00f3n del alumbrado; el 22 de junio pobladores de San Andr\u00e9s Cholula tomaron la 14 Oriente para exigir que el gobierno municipal no cambiara el sentido de la vialidad.<\/p>\n","protected":false},"excerpt":{"rendered":"<p>Durante junio y los primeros d\u00edas de julio en la ciudad de Puebla se han registrado ocho manifestaciones en vialidades como Perif\u00e9rico Ecol\u00f3gico, la 11 Sur y la 31 Poniente, entre otras. Por esta raz\u00f3n, los diputados del Congreso del estado buscar\u00e1n que se castigue a quienes incurran en estas acciones con sanciones que ir\u00edan [&hellip;]<\/p>\n","protected":false},"author":4,"featured_media":48656,"comment_status":"open","ping_status":"open","sticky":false,"template":"","format":"standard","meta":{"om_disable_all_campaigns":false,"_monsterinsights_skip_tracking":false,"_monsterinsights_sitenote_active":false,"_monsterinsights_sitenote_note":"","_monsterinsights_sitenote_category":0,"footnotes":""},"categories":[175],"tags":[239,195,223],"class_list":["post-48655","post","type-post","status-publish","format-standard","has-post-thumbnail","hentry","category-local","tag-gobierno","tag-principal","tag-puebla"],"amp_enabled":true,"_links":{"self":[{"href":"https:\/\/lahora.mx\/index.php\/wp-json\/wp\/v2\/posts\/48655","targetHints":{"allow":["GET"]}}],"collection":[{"href":"https:\/\/lahora.mx\/index.php\/wp-json\/wp\/v2\/posts"}],"about":[{"href":"https:\/\/lahora.mx\/index.php\/wp-json\/wp\/v2\/types\/post"}],"author":[{"embeddable":true,"href":"https:\/\/lahora.mx\/index.php\/wp-json\/wp\/v2\/users\/4"}],"replies":[{"embeddable":true,"href":"https:\/\/lahora.mx\/index.php\/wp-json\/wp\/v2\/comments?post=48655"}],"version-history":[{"count":1,"href":"https:\/\/lahora.mx\/index.php\/wp-json\/wp\/v2\/posts\/48655\/revisions"}],"predecessor-version":[{"id":48657,"href":"https:\/\/lahora.mx\/index.php\/wp-json\/wp\/v2\/posts\/48655\/revisions\/48657"}],"wp:featuredmedia":[{"embeddable":true,"href":"https:\/\/lahora.mx\/index.php\/wp-json\/wp\/v2\/media\/48656"}],"wp:attachment":[{"href":"https:\/\/lahora.mx\/index.php\/wp-json\/wp\/v2\/media?parent=48655"}],"wp:term":[{"taxonomy":"category","embeddable":true,"href":"https:\/\/lahora.mx\/index.php\/wp-json\/wp\/v2\/categories?post=48655"},{"taxonomy":"post_tag","embeddable":true,"href":"https:\/\/lahora.mx\/index.php\/wp-json\/wp\/v2\/tags?post=48655"}],"curies":[{"name":"wp","href":"https:\/\/api.w.org\/{rel}","templated":true}]}}