{"id":48652,"date":"2024-07-05T00:22:42","date_gmt":"2024-07-05T00:22:42","guid":{"rendered":"http:\/\/lahora.mx\/?p=48652"},"modified":"2024-07-05T00:22:43","modified_gmt":"2024-07-05T00:22:43","slug":"bloquean-con-basura-calle-de-tehuacan","status":"publish","type":"post","link":"https:\/\/lahora.mx\/index.php\/2024\/07\/05\/bloquean-con-basura-calle-de-tehuacan\/","title":{"rendered":"Bloquean con basura calle de Tehuac\u00e1n"},"content":{"rendered":"\n<p>Un grupo de vecinos de la calle 12 Oriente en Tehuac\u00e1n bloquearon la vialidad con bolsas de basura para colocarlas en fila y mostrar su inconformidad, ya que desde hace dos semanas no cuentan con el servicio de recolecci\u00f3n de residuos.<\/p>\n\n\n\n<p>Durante el medio mediod\u00eda de este jueves, los habitantes de la 12 Oriente argumentaron que han notado la presencia de la unidad que recolecta basura en las calles cercanas, pero no culmina la ruta establecida.<\/p>\n\n\n\n<p>Los inconformes mencionaron que en un principio guardaron las bolsas en sus viviendas, pero ya pasaron dos semanas sin contar con el servicio, lo que ha provocado que los desechos despidan malos olores.<\/p>\n\n\n\n<p>Al respecto, el secretario general del Ayuntamiento de Tehuac\u00e1n, Edgar Fidel Cruz Trujillo, se\u00f1al\u00f3 que por las lluvias varias unidades que recogen la basura han recibido mantenimiento, lo cual ha retrasado el servicio.<\/p>\n\n\n\n<p>Destac\u00f3 que se trata de dar mantenimiento de manera peri\u00f3dica, pero por las lluvias hay m\u00e1s exigencia y confirm\u00f3 que han recibido reportes sobre el retraso de la unidad recolectora.<\/p>\n\n\n\n<p>Cruz Trujillo record\u00f3 que desde el inicio de la actual administraci\u00f3n la basura es llevada al relleno sanitario de Ciudad Serd\u00e1n y el traslado es complicado, debido a que la carretera est\u00e1 mojada y las precipitaciones han generado dificultades para acceder a \u00e9l.<\/p>\n","protected":false},"excerpt":{"rendered":"<p>Un grupo de vecinos de la calle 12 Oriente en Tehuac\u00e1n bloquearon la vialidad con bolsas de basura para colocarlas en fila y mostrar su inconformidad, ya que desde hace dos semanas no cuentan con el servicio de recolecci\u00f3n de residuos. Durante el medio mediod\u00eda de este jueves, los habitantes de la 12 Oriente argumentaron [&hellip;]<\/p>\n","protected":false},"author":4,"featured_media":48653,"comment_status":"open","ping_status":"open","sticky":false,"template":"","format":"standard","meta":{"om_disable_all_campaigns":false,"_monsterinsights_skip_tracking":false,"_monsterinsights_sitenote_active":false,"_monsterinsights_sitenote_note":"","_monsterinsights_sitenote_category":0,"footnotes":""},"categories":[175],"tags":[223],"class_list":["post-48652","post","type-post","status-publish","format-standard","has-post-thumbnail","hentry","category-local","tag-puebla"],"amp_enabled":true,"_links":{"self":[{"href":"https:\/\/lahora.mx\/index.php\/wp-json\/wp\/v2\/posts\/48652","targetHints":{"allow":["GET"]}}],"collection":[{"href":"https:\/\/lahora.mx\/index.php\/wp-json\/wp\/v2\/posts"}],"about":[{"href":"https:\/\/lahora.mx\/index.php\/wp-json\/wp\/v2\/types\/post"}],"author":[{"embeddable":true,"href":"https:\/\/lahora.mx\/index.php\/wp-json\/wp\/v2\/users\/4"}],"replies":[{"embeddable":true,"href":"https:\/\/lahora.mx\/index.php\/wp-json\/wp\/v2\/comments?post=48652"}],"version-history":[{"count":1,"href":"https:\/\/lahora.mx\/index.php\/wp-json\/wp\/v2\/posts\/48652\/revisions"}],"predecessor-version":[{"id":48654,"href":"https:\/\/lahora.mx\/index.php\/wp-json\/wp\/v2\/posts\/48652\/revisions\/48654"}],"wp:featuredmedia":[{"embeddable":true,"href":"https:\/\/lahora.mx\/index.php\/wp-json\/wp\/v2\/media\/48653"}],"wp:attachment":[{"href":"https:\/\/lahora.mx\/index.php\/wp-json\/wp\/v2\/media?parent=48652"}],"wp:term":[{"taxonomy":"category","embeddable":true,"href":"https:\/\/lahora.mx\/index.php\/wp-json\/wp\/v2\/categories?post=48652"},{"taxonomy":"post_tag","embeddable":true,"href":"https:\/\/lahora.mx\/index.php\/wp-json\/wp\/v2\/tags?post=48652"}],"curies":[{"name":"wp","href":"https:\/\/api.w.org\/{rel}","templated":true}]}}