{"id":48606,"date":"2024-07-04T02:18:09","date_gmt":"2024-07-04T02:18:09","guid":{"rendered":"http:\/\/lahora.mx\/?p=48606"},"modified":"2024-07-04T02:18:10","modified_gmt":"2024-07-04T02:18:10","slug":"inaugura-la-gobernadora-lorena-cuellar-y-sulaiman-exposicion-en-el-museo-de-la-memoria","status":"publish","type":"post","link":"https:\/\/lahora.mx\/index.php\/2024\/07\/04\/inaugura-la-gobernadora-lorena-cuellar-y-sulaiman-exposicion-en-el-museo-de-la-memoria\/","title":{"rendered":"Inaugura la gobernadora Lorena Cu\u00e9llar y Sulaim\u00e1n exposici\u00f3n en el Museo de la Memoria"},"content":{"rendered":"\n<p>La gobernadora Lorena Cu\u00e9llar Cisneros y el presidente del Consejo Mundial de Boxeo (WBC), Mauricio Sulaim\u00e1n, inauguraron la exposici\u00f3n titulada \u201cVerde y oro\u201d, en el Museo de la Memoria de Tlaxcala, a trav\u00e9s de la que los visitantes conocer\u00e1n art\u00edculos in\u00e9ditos del box mundial y nacional.<\/p>\n\n\n\n<p>Durante la inauguraci\u00f3n, Mauricio Sulaim\u00e1n indic\u00f3 que las piezas son originales y que, el Consejo Mundial de Boxeo tiene 176 pa\u00edses afiliados, pero es un organismo mexicano y referente mundial porque donde se dice boxeo inmediatamente se piensa en M\u00e9xico y ahora con la exhibici\u00f3n, tambi\u00e9n se pensar\u00e1 en Tlaxcala.<\/p>\n\n\n\n<p>\u201cAlgunas de las piezas que tenemos es 5 de mayo y 16 de septiembre, pues son las fechas que nuestros migrantes instituyeron como las grandes fiestas para recordar las ra\u00edces de M\u00e9xico; por ello, desde el 2017 el Consejo Mundial de Boxeo elabora un cintur\u00f3n para mayo y uno para septiembre basado en esta cultura\u201d, refiri\u00f3.<\/p>\n\n\n\n<p>\u201cVerde y oro\u201d, se integra por m\u00e1s de 60 piezas en las que los asistentes podr\u00e1n admirar 20 cinturones mundiales de personalidades como Manny Paccquiao, Floyd Mayweather, Sa\u00fal \u201cEl Canelo\u201d \u00c1lvarez; adem\u00e1s de guantes autografiados por exponentes como Mike Tyson, Julio C\u00e9sar Ch\u00e1vez, y Muhammad Ali; tambi\u00e9n se exponen batas, shorts, zapatos y fotograf\u00edas, entre otros art\u00edculos.<\/p>\n\n\n\n<p>El presidente del WBC explic\u00f3 que los cinturones han sufrido algunas modificaciones desde su primera generaci\u00f3n hasta llegar a la quinta, adem\u00e1s de que algunos son especiales, como los elaborados en \u00f3nix, oro, diamante y esmeralda.<\/p>\n\n\n\n<p>\u201cAl Canelo le ha tocado casi todos porque pelea en mayo y en septiembre. El cintur\u00f3n femenil ha tenido una evoluci\u00f3n muy interesante en un inicio en 2004 que empieza el campeonato mundial femenil tiene unos vivos de flor, es chiquito, est\u00e9tico y despu\u00e9s las campeonas exigieron uno de tama\u00f1o real, se le quitaron los vivos de la flor y nos exigieron quitarle femenil y actualmente es el mismo cintur\u00f3n, el que tiene el hombre y el de la mujer\u201d, precis\u00f3.<\/p>\n\n\n\n<p>Mauricio Sulaim\u00e1n a\u00f1adi\u00f3 que incluso algunos cinturones han sido elaborados por manos de artesanos de culturas como la huichol, maya y chiapaneca.<\/p>\n\n\n\n<p>Otro cintur\u00f3n que est\u00e1 expuesto es uno que viaj\u00f3 a la Estaci\u00f3n Espacial Internacional (ISS), y que obtuvo un r\u00e9cord Guinness por ser el trofeo deportivo que ha estado en mayor altura, \u201c3 mil diamantes incrustados y as\u00ed hay muchos datos curiosos\u201d, comparti\u00f3.<\/p>\n\n\n\n<p>Finalmente, las autoridades reiteraron la invitaci\u00f3n a visitar la exposici\u00f3n \u201cVerde y oro\u201d que no tendr\u00e1 costo de acceso y en la que el p\u00fablico conocer\u00e1 m\u00e1s acerca de este deporte que es uno de los m\u00e1s populares del pa\u00eds y que hoy tambi\u00e9n destaca en Tlaxcala.<\/p>\n\n\n\n<p>La exposici\u00f3n estar\u00e1 abierta al p\u00fablico de lunes a domingo de 10:00 a 17:00 horas.<\/p>\n","protected":false},"excerpt":{"rendered":"<p>La gobernadora Lorena Cu\u00e9llar Cisneros y el presidente del Consejo Mundial de Boxeo (WBC), Mauricio Sulaim\u00e1n, inauguraron la exposici\u00f3n titulada \u201cVerde y oro\u201d, en el Museo de la Memoria de Tlaxcala, a trav\u00e9s de la que los visitantes conocer\u00e1n art\u00edculos in\u00e9ditos del box mundial y nacional. Durante la inauguraci\u00f3n, Mauricio Sulaim\u00e1n indic\u00f3 que las piezas [&hellip;]<\/p>\n","protected":false},"author":4,"featured_media":48607,"comment_status":"open","ping_status":"open","sticky":false,"template":"","format":"standard","meta":{"om_disable_all_campaigns":false,"_monsterinsights_skip_tracking":false,"_monsterinsights_sitenote_active":false,"_monsterinsights_sitenote_note":"","_monsterinsights_sitenote_category":0,"footnotes":""},"categories":[175],"tags":[223,210],"class_list":["post-48606","post","type-post","status-publish","format-standard","has-post-thumbnail","hentry","category-local","tag-puebla","tag-tlaxcala"],"amp_enabled":true,"_links":{"self":[{"href":"https:\/\/lahora.mx\/index.php\/wp-json\/wp\/v2\/posts\/48606","targetHints":{"allow":["GET"]}}],"collection":[{"href":"https:\/\/lahora.mx\/index.php\/wp-json\/wp\/v2\/posts"}],"about":[{"href":"https:\/\/lahora.mx\/index.php\/wp-json\/wp\/v2\/types\/post"}],"author":[{"embeddable":true,"href":"https:\/\/lahora.mx\/index.php\/wp-json\/wp\/v2\/users\/4"}],"replies":[{"embeddable":true,"href":"https:\/\/lahora.mx\/index.php\/wp-json\/wp\/v2\/comments?post=48606"}],"version-history":[{"count":1,"href":"https:\/\/lahora.mx\/index.php\/wp-json\/wp\/v2\/posts\/48606\/revisions"}],"predecessor-version":[{"id":48608,"href":"https:\/\/lahora.mx\/index.php\/wp-json\/wp\/v2\/posts\/48606\/revisions\/48608"}],"wp:featuredmedia":[{"embeddable":true,"href":"https:\/\/lahora.mx\/index.php\/wp-json\/wp\/v2\/media\/48607"}],"wp:attachment":[{"href":"https:\/\/lahora.mx\/index.php\/wp-json\/wp\/v2\/media?parent=48606"}],"wp:term":[{"taxonomy":"category","embeddable":true,"href":"https:\/\/lahora.mx\/index.php\/wp-json\/wp\/v2\/categories?post=48606"},{"taxonomy":"post_tag","embeddable":true,"href":"https:\/\/lahora.mx\/index.php\/wp-json\/wp\/v2\/tags?post=48606"}],"curies":[{"name":"wp","href":"https:\/\/api.w.org\/{rel}","templated":true}]}}