{"id":48563,"date":"2024-07-03T01:23:31","date_gmt":"2024-07-03T01:23:31","guid":{"rendered":"http:\/\/lahora.mx\/?p=48563"},"modified":"2024-07-03T01:23:31","modified_gmt":"2024-07-03T01:23:31","slug":"tlaxcala-primer-lugar-nacional-en-credencializacion-del-imss-bienestar","status":"publish","type":"post","link":"https:\/\/lahora.mx\/index.php\/2024\/07\/03\/tlaxcala-primer-lugar-nacional-en-credencializacion-del-imss-bienestar\/","title":{"rendered":"Tlaxcala, primer lugar nacional en credencializaci\u00f3n del IMSS-Bienestar"},"content":{"rendered":"\n<p>La gobernadora de la salud, Lorena Cu\u00e9llar Cisneros, realiz\u00f3 este martes la segunda entrega de credenciales del IMSS-Bienestar en el Hospital General de San Pablo del Monte y destac\u00f3 que la entidad se ubica en primer lugar nacional en credencializaci\u00f3n, as\u00ed como en la creaci\u00f3n de comit\u00e9s de salud.<\/p>\n\n\n\n<p>Record\u00f3 que el recurso para el mejoramiento del servicio lo recibir\u00e1n quienes conforman los 179 Comit\u00e9s de Salud y Bienestar del programa \u00abLa Cl\u00ednica es Nuestra\u00bb, y que ser\u00e1n ellos quienes decidan en qu\u00e9 destinarlo de acuerdo con las necesidades de cada centro de salud.<\/p>\n\n\n\n<p>Tras reiterar su compromiso en esta materia, Cu\u00e9llar Cisneros se\u00f1al\u00f3 que en su gobierno se han concretado importantes obras, como el nuevo hospital general \u201cque ya hac\u00eda falta desde hace 77 a\u00f1os\u201d, as\u00ed como las cl\u00ednicas de hemodi\u00e1lisis, de hemodinamia y de m\u00ednima invasi\u00f3n, junto con el Centro Regulador de Urgencias M\u00e9dicas de Tlaxcala (Crumt), con 96 nuevas ambulancias, gracias a lo cual \u201chemos crecido much\u00edsimo en materia de salud\u00bb.<br><\/p>\n\n\n\n<p>A trav\u00e9s de un enlace con Palacio Nacional y en presencia del presidente de M\u00e9xico, Andr\u00e9s Manuel L\u00f3pez Obrador, asegur\u00f3 que no va a escatimar esfuerzos para que las y los tlaxcaltecas cuenten con los mejores servicios de salud, pues se ha adquirido tecnolog\u00eda de \u00faltima generaci\u00f3n, como un acelerador lineal, tom\u00f3grafos, mast\u00f3grafos, incubadoras y m\u00e1s equipos, para dar atenci\u00f3n a sus familias.<\/p>\n\n\n\n<p>La titular del Ejecutivo local estim\u00f3 que, en la entidad, ser\u00e1n entregadas cerca de 550 mil tarjetas para cubrir la totalidad de personas que no cuentan con seguridad social; sin embargo, en una primera etapa, los servidores de la naci\u00f3n entregar\u00e1n 19 mil credenciales para que las personas accedan a los servicios de lunes a domingo.<\/p>\n\n\n\n<p>En su intervenci\u00f3n, el coordinador federal del IMSS-Bienestar en el estado, Gabriel Guti\u00e9rrez Morales, indic\u00f3 que dicho sistema de salud busca el bienestar de las y los mexicanos, y con la credencializaci\u00f3n, se reafirma el compromiso de garantizar el acceso universal a los servicios de salud de calidad y gratuitos.<\/p>\n\n\n\n<p>Asever\u00f3 que, con la entrega de las credenciales, \u201cse ve cristalizado el esfuerzo que nuestro presidente Andr\u00e9s Manuel L\u00f3pez Obrador planteaba en el \u00e1mbito de la salud en toda la Rep\u00fablica mexicana y hoy, en Tlaxcala, esta entrega de credenciales es uno de tantos pasos que se est\u00e1n haciendo para mejorar las condiciones\u201d.<\/p>\n\n\n\n<p>Guti\u00e9rrez Morales precis\u00f3 que, en la primera etapa ser\u00e1n entregadas 19 mil credenciales y en una segunda fase, llegar\u00e1n 100 mil m\u00e1s. Tambi\u00e9n se planea entregar para el mes de agosto, cerca de 300 mil credenciales en los 60 municipios que conforman el estado. En San Pablo del Monte, fueron entregadas a 365 personas.<\/p>\n\n\n\n<p>En el evento tambi\u00e9n estuvieron el delegado federal de Programas para el Bienestar en Tlaxcala, Carlos Luna V\u00e1zquez; el director del Hospital General del municipio, Iv\u00e1n Benjam\u00edn Ramos Corona; as\u00ed como beneficiarios y familiares e invitados especiales.<\/p>\n","protected":false},"excerpt":{"rendered":"<p>La gobernadora de la salud, Lorena Cu\u00e9llar Cisneros, realiz\u00f3 este martes la segunda entrega de credenciales del IMSS-Bienestar en el Hospital General de San Pablo del Monte y destac\u00f3 que la entidad se ubica en primer lugar nacional en credencializaci\u00f3n, as\u00ed como en la creaci\u00f3n de comit\u00e9s de salud. Record\u00f3 que el recurso para el [&hellip;]<\/p>\n","protected":false},"author":4,"featured_media":48564,"comment_status":"open","ping_status":"open","sticky":false,"template":"","format":"standard","meta":{"om_disable_all_campaigns":false,"_monsterinsights_skip_tracking":false,"_monsterinsights_sitenote_active":false,"_monsterinsights_sitenote_note":"","_monsterinsights_sitenote_category":0,"footnotes":""},"categories":[175],"tags":[223,210],"class_list":["post-48563","post","type-post","status-publish","format-standard","has-post-thumbnail","hentry","category-local","tag-puebla","tag-tlaxcala"],"amp_enabled":true,"_links":{"self":[{"href":"https:\/\/lahora.mx\/index.php\/wp-json\/wp\/v2\/posts\/48563","targetHints":{"allow":["GET"]}}],"collection":[{"href":"https:\/\/lahora.mx\/index.php\/wp-json\/wp\/v2\/posts"}],"about":[{"href":"https:\/\/lahora.mx\/index.php\/wp-json\/wp\/v2\/types\/post"}],"author":[{"embeddable":true,"href":"https:\/\/lahora.mx\/index.php\/wp-json\/wp\/v2\/users\/4"}],"replies":[{"embeddable":true,"href":"https:\/\/lahora.mx\/index.php\/wp-json\/wp\/v2\/comments?post=48563"}],"version-history":[{"count":1,"href":"https:\/\/lahora.mx\/index.php\/wp-json\/wp\/v2\/posts\/48563\/revisions"}],"predecessor-version":[{"id":48565,"href":"https:\/\/lahora.mx\/index.php\/wp-json\/wp\/v2\/posts\/48563\/revisions\/48565"}],"wp:featuredmedia":[{"embeddable":true,"href":"https:\/\/lahora.mx\/index.php\/wp-json\/wp\/v2\/media\/48564"}],"wp:attachment":[{"href":"https:\/\/lahora.mx\/index.php\/wp-json\/wp\/v2\/media?parent=48563"}],"wp:term":[{"taxonomy":"category","embeddable":true,"href":"https:\/\/lahora.mx\/index.php\/wp-json\/wp\/v2\/categories?post=48563"},{"taxonomy":"post_tag","embeddable":true,"href":"https:\/\/lahora.mx\/index.php\/wp-json\/wp\/v2\/tags?post=48563"}],"curies":[{"name":"wp","href":"https:\/\/api.w.org\/{rel}","templated":true}]}}