{"id":48491,"date":"2024-07-02T00:47:20","date_gmt":"2024-07-02T00:47:20","guid":{"rendered":"http:\/\/lahora.mx\/?p=48491"},"modified":"2024-07-02T00:47:20","modified_gmt":"2024-07-02T00:47:20","slug":"el-gobernador-sergio-salomon-afirma-que-se-mantendra-en-el-cargo-hasta-concluir-la-administracion","status":"publish","type":"post","link":"https:\/\/lahora.mx\/index.php\/2024\/07\/02\/el-gobernador-sergio-salomon-afirma-que-se-mantendra-en-el-cargo-hasta-concluir-la-administracion\/","title":{"rendered":"El gobernador Sergio Salom\u00f3n afirma que se mantendr\u00e1 en el cargo hasta concluir la administraci\u00f3n"},"content":{"rendered":"\n<p>El gobernador Sergio Salom\u00f3n C\u00e9spedes Peregrina afirm\u00f3 que se mantendr\u00e1 en el cargo hasta concluir el periodo para el cual fue designado por el Congreso Estatal, aunque eso pudiera significar que pierda la oportunidad de incorporarse a otro cargo p\u00fablico, lo anterior ante los rumores de que podr\u00eda formar parte del pr\u00f3ximo gabinete federal.<\/p>\n\n\n\n<p>En conferencia de prensa, el mandatario poblano reiter\u00f3 que ser\u00eda \u201cun alto honor\u201d formar parte de la administraci\u00f3n que encabezar\u00e1 la presidenta electa de M\u00e9xico, Claudia Sheinbaum Pardo, a partir del pr\u00f3ximo 1 de octubre; sin embargo, aunque las columnas period\u00edsticas, los resultados que ha dado en Puebla y otros aspectos pudieran generarle esa oportunidad ha tomado la decisi\u00f3n de mantenerse en el cargo.<\/p>\n\n\n\n<p>\u201cEnfoc\u00e1ndonos hacia una amplia reflexi\u00f3n, hemos decidido terminar el gobierno a como d\u00e9 lugar, no hay de otra y si eso nos cierra puertas y oportunidades solamente Dios sabr\u00e1 por qu\u00e9, pero lo importante es que les entreguemos buenas cuentas a las poblanas y a los poblanos y si despu\u00e9s de ello hay oportunidad ser\u00e1 un alto honor, mientras tanto al 100 por ciento enfocados y vamos a concluir este gobierno para darle las gracias a Puebla con trabajo y con acciones\u201d, dijo.<\/p>\n\n\n\n<p>C\u00e9spedes indic\u00f3 que durante la reuni\u00f3n que sostuvo la semana pasada con el presidente, Andr\u00e9s Manuel L\u00f3pez Obrador y Claudia Sheinbaum, as\u00ed como con otros gobernadores en funciones y electos no se trataron temas oficiales sino asuntos en un marco de mucha cordialidad.<\/p>\n\n\n\n<p>En ese sentido insisti\u00f3 en que est\u00e1 enfocado en continuar el trabajo que tiene pendiente y dejar una administraci\u00f3n en condiciones \u00f3ptimas al gobernador electo, Alejandro Armenta Mier.<\/p>\n\n\n\n<p>Al respecto, asegur\u00f3 que no heredar\u00e1 deuda p\u00fablica ni Proyectos para la Prestaci\u00f3n de Servicios (PPS) que se traducen en pasivos para los gobiernos, ya que toda la inversi\u00f3n realizada ha sido, en su mayor\u00eda, de los recursos estatales.<\/p>\n\n\n\n<p>\u201cNo estamos pidiendo un solo centavo prestado, no estamos haciendo un PPS, no estamos haciendo ninguna condici\u00f3n de acciones financieras hoy en d\u00eda que nos permita generar alg\u00fan tipo de deuda o de pasivo, que a veces los pasivos no se quieren reconocer como deuda. (\u2026) No le vamos a dejar deuda y tampoco le vamos a dejar sin dinero las arcas, vamos a dejar lo necesario y lo adecuado\u201d, subray\u00f3.<br><\/p>\n\n\n\n<p>Respecto a los proyectos de obra p\u00fablica dijo que se prev\u00e9 que s\u00f3lo quede pendiente la mudanza de los trabajadores de la Secretar\u00eda de Finanzas al nuevo edificio que ser\u00e1 construido en la Avenida C\u00famulo de Virgo, ya que el resto de las obras est\u00e1n previstas para concluirse antes del cambio de gobierno.<\/p>\n\n\n\n<p>No hay venganzas en Chignahuapan<br>Cuestionado sobre los conflictos post electorales que han surgido en el municipio de Chignahuapan, en donde el Instituto Electoral del Estado (IEE) determin\u00f3 invalidar y reponer la elecci\u00f3n de presidencia municipal, el titular del Ejecutivo insisti\u00f3 en que el estado no act\u00faa con venganza en contra de ning\u00fan candidato.<\/p>\n\n\n\n<p>Lo anterior, luego de que el candidato y virtual ganador de la contienda, Juan Lira Maldonado, alias \u201cEl Moco\u201d se ha pronunciado inconforme con la decisi\u00f3n del \u00f3rgano electoral.<\/p>\n\n\n\n<p>\u201cNosotros no generamos ning\u00fan tipo de venganzas, con nadie, entendemos las molestias, asumimos nuestras responsabilidades y si fuimos respetuosos de no estar metiendo las manos en la elecci\u00f3n, tampoco estaremos jam\u00e1s utilizando a las instituciones\u201d, indic\u00f3 el mandatario.<\/p>\n\n\n\n<p>Leer m\u00e1s: Ofrece Sergio Salom\u00f3n terminar obras antes de que su mandato concluya<br>Respecto a los procedimientos legales que enfrenta Lira remarc\u00f3 que es importante considerar que los mismos no fueron iniciados despu\u00e9s de la elecci\u00f3n, sino que est\u00e1n a cargo de la Fiscal\u00eda General del Estado desde hace tiempo y es dicha autoridad la que deber\u00e1 desahogarlos.<\/p>\n","protected":false},"excerpt":{"rendered":"<p>El gobernador Sergio Salom\u00f3n C\u00e9spedes Peregrina afirm\u00f3 que se mantendr\u00e1 en el cargo hasta concluir el periodo para el cual fue designado por el Congreso Estatal, aunque eso pudiera significar que pierda la oportunidad de incorporarse a otro cargo p\u00fablico, lo anterior ante los rumores de que podr\u00eda formar parte del pr\u00f3ximo gabinete federal. En [&hellip;]<\/p>\n","protected":false},"author":4,"featured_media":48492,"comment_status":"open","ping_status":"open","sticky":false,"template":"","format":"standard","meta":{"om_disable_all_campaigns":false,"_monsterinsights_skip_tracking":false,"_monsterinsights_sitenote_active":false,"_monsterinsights_sitenote_note":"","_monsterinsights_sitenote_category":0,"footnotes":""},"categories":[175],"tags":[239,195,223],"class_list":["post-48491","post","type-post","status-publish","format-standard","has-post-thumbnail","hentry","category-local","tag-gobierno","tag-principal","tag-puebla"],"amp_enabled":true,"_links":{"self":[{"href":"https:\/\/lahora.mx\/index.php\/wp-json\/wp\/v2\/posts\/48491","targetHints":{"allow":["GET"]}}],"collection":[{"href":"https:\/\/lahora.mx\/index.php\/wp-json\/wp\/v2\/posts"}],"about":[{"href":"https:\/\/lahora.mx\/index.php\/wp-json\/wp\/v2\/types\/post"}],"author":[{"embeddable":true,"href":"https:\/\/lahora.mx\/index.php\/wp-json\/wp\/v2\/users\/4"}],"replies":[{"embeddable":true,"href":"https:\/\/lahora.mx\/index.php\/wp-json\/wp\/v2\/comments?post=48491"}],"version-history":[{"count":1,"href":"https:\/\/lahora.mx\/index.php\/wp-json\/wp\/v2\/posts\/48491\/revisions"}],"predecessor-version":[{"id":48493,"href":"https:\/\/lahora.mx\/index.php\/wp-json\/wp\/v2\/posts\/48491\/revisions\/48493"}],"wp:featuredmedia":[{"embeddable":true,"href":"https:\/\/lahora.mx\/index.php\/wp-json\/wp\/v2\/media\/48492"}],"wp:attachment":[{"href":"https:\/\/lahora.mx\/index.php\/wp-json\/wp\/v2\/media?parent=48491"}],"wp:term":[{"taxonomy":"category","embeddable":true,"href":"https:\/\/lahora.mx\/index.php\/wp-json\/wp\/v2\/categories?post=48491"},{"taxonomy":"post_tag","embeddable":true,"href":"https:\/\/lahora.mx\/index.php\/wp-json\/wp\/v2\/tags?post=48491"}],"curies":[{"name":"wp","href":"https:\/\/api.w.org\/{rel}","templated":true}]}}