{"id":48433,"date":"2024-06-25T19:23:08","date_gmt":"2024-06-25T19:23:08","guid":{"rendered":"http:\/\/lahora.mx\/?p=48433"},"modified":"2024-06-29T19:26:34","modified_gmt":"2024-06-29T19:26:34","slug":"entrega-voluntariado-del-congreso-lentes-gratuitos-a-ninas-y-ninos-de-san-gabriel-chilac","status":"publish","type":"post","link":"https:\/\/lahora.mx\/index.php\/2024\/06\/25\/entrega-voluntariado-del-congreso-lentes-gratuitos-a-ninas-y-ninos-de-san-gabriel-chilac\/","title":{"rendered":"Entrega Voluntariado del Congreso lentes gratuitos a ni\u00f1as y ni\u00f1os de San Gabriel Chilac"},"content":{"rendered":"\n<p>Con el objetivo de mejorar el desarrollo y rendimiento acad\u00e9micos de ni\u00f1as y ni\u00f1os, el Voluntariado del Congreso del Estado entreg\u00f3 162 lentes gratuitos a estudiantes de San Gabriel Chilac que acuden a la Primaria General Rafael \u00c1vila Camacho y a la Primaria Adri\u00e1n Zepeda Mirafuentes.<\/p>\n\n\n\n<p>La titular del Voluntariado, Sandra Gabriela Flores Mendoza se\u00f1al\u00f3 que las Jornadas de Salud Visual son muestra del compromiso y dedicaci\u00f3n hacia las comunidades, especialmente hacia ni\u00f1as y ni\u00f1os de los municipios con mayores necesidades.<\/p>\n\n\n\n<p>\u00abNuestro Voluntariado ha trabajado para identificar y atender las \u00e1reas donde nuestra ayuda es necesaria, nos enorgullece poder decir que nuestro esfuerzo ha tenido un impacto significativo en la vida de los ni\u00f1os y sus familias\u00bb, expuso.<\/p>\n\n\n\n<p>Flores Mendoza agradeci\u00f3 a la Fundaci\u00f3n Clisa, pues su colaboraci\u00f3n hace posible el desarrollo de las Jornadas con ex\u00e1menes de la vista y tambi\u00e9n la entrega de 80 lentes a ni\u00f1as y ni\u00f1os de la Primaria General Rafael \u00c1vila Camacho, as\u00ed como 62 para menores que acuden a la Primaria Adri\u00e1n Zepeda Mirafuentes en San Gabriel Chilac.<\/p>\n\n\n\n<p>La titular del Voluntariado reconoci\u00f3 el apoyo del personal del Congreso del Estado, as\u00ed como el respaldo del presidente de la Junta de Gobierno y Coordinaci\u00f3n Pol\u00edtica, Edgar Garmendia de los Santos para llevar a cabo las Jornadas de Salud Visual.<\/p>\n","protected":false},"excerpt":{"rendered":"<p>Con el objetivo de mejorar el desarrollo y rendimiento acad\u00e9micos de ni\u00f1as y ni\u00f1os, el Voluntariado del Congreso del Estado entreg\u00f3 162 lentes gratuitos a estudiantes de San Gabriel Chilac que acuden a la Primaria General Rafael \u00c1vila Camacho y a la Primaria Adri\u00e1n Zepeda Mirafuentes. La titular del Voluntariado, Sandra Gabriela Flores Mendoza se\u00f1al\u00f3 [&hellip;]<\/p>\n","protected":false},"author":4,"featured_media":48434,"comment_status":"open","ping_status":"open","sticky":false,"template":"","format":"standard","meta":{"om_disable_all_campaigns":false,"_monsterinsights_skip_tracking":false,"_monsterinsights_sitenote_active":false,"_monsterinsights_sitenote_note":"","_monsterinsights_sitenote_category":0,"footnotes":""},"categories":[175],"tags":[227,223],"class_list":["post-48433","post","type-post","status-publish","format-standard","has-post-thumbnail","hentry","category-local","tag-congreso","tag-puebla"],"amp_enabled":true,"_links":{"self":[{"href":"https:\/\/lahora.mx\/index.php\/wp-json\/wp\/v2\/posts\/48433","targetHints":{"allow":["GET"]}}],"collection":[{"href":"https:\/\/lahora.mx\/index.php\/wp-json\/wp\/v2\/posts"}],"about":[{"href":"https:\/\/lahora.mx\/index.php\/wp-json\/wp\/v2\/types\/post"}],"author":[{"embeddable":true,"href":"https:\/\/lahora.mx\/index.php\/wp-json\/wp\/v2\/users\/4"}],"replies":[{"embeddable":true,"href":"https:\/\/lahora.mx\/index.php\/wp-json\/wp\/v2\/comments?post=48433"}],"version-history":[{"count":1,"href":"https:\/\/lahora.mx\/index.php\/wp-json\/wp\/v2\/posts\/48433\/revisions"}],"predecessor-version":[{"id":48435,"href":"https:\/\/lahora.mx\/index.php\/wp-json\/wp\/v2\/posts\/48433\/revisions\/48435"}],"wp:featuredmedia":[{"embeddable":true,"href":"https:\/\/lahora.mx\/index.php\/wp-json\/wp\/v2\/media\/48434"}],"wp:attachment":[{"href":"https:\/\/lahora.mx\/index.php\/wp-json\/wp\/v2\/media?parent=48433"}],"wp:term":[{"taxonomy":"category","embeddable":true,"href":"https:\/\/lahora.mx\/index.php\/wp-json\/wp\/v2\/categories?post=48433"},{"taxonomy":"post_tag","embeddable":true,"href":"https:\/\/lahora.mx\/index.php\/wp-json\/wp\/v2\/tags?post=48433"}],"curies":[{"name":"wp","href":"https:\/\/api.w.org\/{rel}","templated":true}]}}