{"id":48401,"date":"2024-06-13T19:04:47","date_gmt":"2024-06-13T19:04:47","guid":{"rendered":"http:\/\/lahora.mx\/?p=48401"},"modified":"2024-06-29T20:48:59","modified_gmt":"2024-06-29T20:48:59","slug":"promueve-congreso-del-estado-zona-turistica-de-el-bambusal","status":"publish","type":"post","link":"https:\/\/lahora.mx\/index.php\/2024\/06\/13\/promueve-congreso-del-estado-zona-turistica-de-el-bambusal\/","title":{"rendered":"Promueve Congreso del Estado zona tur\u00edstica de El Bambusal"},"content":{"rendered":"\n<p>Diputadas y diputados del Congreso del Estado promueven la zona tur\u00edstica conocida como \u00abEl Bambusal\u00bb ubicada en la comunidad de Ahuata del municipio de Teziutl\u00e1n, en la cual se cultiva bamb\u00fa para la elaboraci\u00f3n de una amplia variedad de productos y se fomenta la conservaci\u00f3n del medio ambiente.<\/p>\n\n\n\n<p>El presidente de la Junta de Gobierno y Coordinaci\u00f3n Pol\u00edtica del Congreso del Estado, Edgar Garmendia de los Santos se\u00f1al\u00f3 que con estos proyectos se equilibra el entorno ecol\u00f3gico, que se ha visto afectado por el cambio clim\u00e1tico, pues se promueve el desarrollo en las comunidades y la sustentabilidad.<\/p>\n\n\n\n<p>Por su parte, la diputada Ruth Z\u00e1rate Dom\u00ednguez, integrante de la Comisi\u00f3n de Turismo, expuso que visitar la zona tur\u00edstica es toda una experiencia e incluso una terapia que conecta a las personas con el medio ambiente.<\/p>\n\n\n\n<p>A trav\u00e9s de \u201cEl Bambusal\u201d se trabaja de manera sostenible para comercializar el bamb\u00fa y sus derivados, generando un impacto positivo en el entorno natural por su uso y cultivo, explicaron Ana Yuri Rodr\u00edguez Murrieta, de la Direcci\u00f3n Administrativa y Ronulfo Rodr\u00edguez Morena, Director General.<\/p>\n\n\n\n<p>Las y los integrantes de \u201cEl Bambusal\u201d destacaron la necesidad de incorporar a M\u00e9xico a la Organizaci\u00f3n Internacional del Bamb\u00fa y el Rat\u00e1n (INBAR), dedicada a fomentar pr\u00e1cticas sostenibles, investigaciones cient\u00edficas y pol\u00edticas p\u00fablicas que maximicen los beneficios ambientales y econ\u00f3micos de estos recursos.<\/p>\n\n\n\n<p>Durante la presentaci\u00f3n de \u201cEl Bambusal\u201d tambi\u00e9n estuvieron presentes el diputado Javier del Valle Hern\u00e1ndez y Karla Victoria Mart\u00ednez Gallegos.<\/p>\n","protected":false},"excerpt":{"rendered":"<p>Diputadas y diputados del Congreso del Estado promueven la zona tur\u00edstica conocida como \u00abEl Bambusal\u00bb ubicada en la comunidad de Ahuata del municipio de Teziutl\u00e1n, en la cual se cultiva bamb\u00fa para la elaboraci\u00f3n de una amplia variedad de productos y se fomenta la conservaci\u00f3n del medio ambiente. El presidente de la Junta de Gobierno [&hellip;]<\/p>\n","protected":false},"author":4,"featured_media":48403,"comment_status":"open","ping_status":"open","sticky":false,"template":"","format":"standard","meta":{"om_disable_all_campaigns":false,"_monsterinsights_skip_tracking":false,"_monsterinsights_sitenote_active":false,"_monsterinsights_sitenote_note":"","_monsterinsights_sitenote_category":0,"footnotes":""},"categories":[175],"tags":[227,223],"class_list":["post-48401","post","type-post","status-publish","format-standard","has-post-thumbnail","hentry","category-local","tag-congreso","tag-puebla"],"amp_enabled":true,"_links":{"self":[{"href":"https:\/\/lahora.mx\/index.php\/wp-json\/wp\/v2\/posts\/48401","targetHints":{"allow":["GET"]}}],"collection":[{"href":"https:\/\/lahora.mx\/index.php\/wp-json\/wp\/v2\/posts"}],"about":[{"href":"https:\/\/lahora.mx\/index.php\/wp-json\/wp\/v2\/types\/post"}],"author":[{"embeddable":true,"href":"https:\/\/lahora.mx\/index.php\/wp-json\/wp\/v2\/users\/4"}],"replies":[{"embeddable":true,"href":"https:\/\/lahora.mx\/index.php\/wp-json\/wp\/v2\/comments?post=48401"}],"version-history":[{"count":2,"href":"https:\/\/lahora.mx\/index.php\/wp-json\/wp\/v2\/posts\/48401\/revisions"}],"predecessor-version":[{"id":48443,"href":"https:\/\/lahora.mx\/index.php\/wp-json\/wp\/v2\/posts\/48401\/revisions\/48443"}],"wp:featuredmedia":[{"embeddable":true,"href":"https:\/\/lahora.mx\/index.php\/wp-json\/wp\/v2\/media\/48403"}],"wp:attachment":[{"href":"https:\/\/lahora.mx\/index.php\/wp-json\/wp\/v2\/media?parent=48401"}],"wp:term":[{"taxonomy":"category","embeddable":true,"href":"https:\/\/lahora.mx\/index.php\/wp-json\/wp\/v2\/categories?post=48401"},{"taxonomy":"post_tag","embeddable":true,"href":"https:\/\/lahora.mx\/index.php\/wp-json\/wp\/v2\/tags?post=48401"}],"curies":[{"name":"wp","href":"https:\/\/api.w.org\/{rel}","templated":true}]}}