{"id":48376,"date":"2024-06-29T17:11:19","date_gmt":"2024-06-29T17:11:19","guid":{"rendered":"http:\/\/lahora.mx\/?p=48376"},"modified":"2024-06-29T17:11:20","modified_gmt":"2024-06-29T17:11:20","slug":"atlixco-en-su-primera-exhibicion-de-juegos-paralimpicos-municipales","status":"publish","type":"post","link":"https:\/\/lahora.mx\/index.php\/2024\/06\/29\/atlixco-en-su-primera-exhibicion-de-juegos-paralimpicos-municipales\/","title":{"rendered":"Atlixco en su primera exhibici\u00f3n de Juegos Paral\u00edmpicos Municipales"},"content":{"rendered":"\n<p>El domingo 30 de junio, Atlixco har\u00e1 historia al celebrar la primera exhibici\u00f3n de Juegos Paral\u00edmpicos Municipales en la Unidad Deportiva La Carolina. El evento, comenzar\u00e1 a las 10:00 horas y ofrecer\u00e1 a la comunidad la oportunidad de conocer m\u00e1s sobre diversas disciplinas paral\u00edmpicas, con el objetivo de fomentar el deporte inclusivo en el municipio.<\/p>\n\n\n\n<p>David Mart\u00ednez, director de Bienestar en Atlixco, destac\u00f3 la importancia de este evento: \u00abS\u00ed, efectivamente, como sabemos, la doctora Ariadna Ayala ha impulsado enormemente el deporte en nuestro municipio, pero faltaba un poco de atenci\u00f3n a los deportes para personas con capacidades diferentes; esta es la raz\u00f3n por la cual se tiene esta encomienda de poder promover por primera vez este tipo de deportes en Atlixco y mostrar a las personas que hay much\u00edsimas disciplinas paral\u00edmpicas\u00bb.<\/p>\n\n\n\n<p>Entre las disciplinas que se presentar\u00e1n est\u00e1n el f\u00fatbol para personas con debilidad visual, el golbol, baloncesto en silla de ruedas y una competencia en la alberca semiol\u00edmpica municipal Carmen Serd\u00e1n; atletas tanto locales como de Puebla capital, estar\u00e1n presentes para mostrar sus habilidades y responder cualquier inquietud de los asistentes.<\/p>\n\n\n\n<p>Mart\u00ednez invit\u00f3 a todos los interesados a acercarse a las instalaciones de la Secretar\u00eda de Bienestar, ubicadas en Avenida Miguel Negrete; ya sea en el campo de b\u00e9isbol Alfonsina o en el \u00e1rea de Deportes; para obtener m\u00e1s informaci\u00f3n sobre las disciplinas y futuros eventos deportivos en el municipio.<br>\u00abQueremos que las personas interesadas en participar puedan acercarse y conocer a deportistas profesionales de otros lugares para resolver sus inquietudes. Vamos a ver qu\u00e9 es lo necesario e incluso nosotros tambi\u00e9n iremos conociendo los par\u00e1metros para poder implementar programas para deportistas paral\u00edmpicos. Cabe destacar que todos los equipos que vienen son equipos profesionales\u00bb, explic\u00f3 Mart\u00ednez.<\/p>\n\n\n\n<p>Este evento busca no solo promover la inclusi\u00f3n y el deporte adaptado en Atlixco, sino tambi\u00e9n inspirar a la comunidad a formar equipos, aprender y proponer nuevas actividades en sus comunidades o juntas auxiliares. La Secretar\u00eda de Bienestar estar\u00e1 abierta a escuchar y apoyar cualquier iniciativa en este sentido.<\/p>\n\n\n\n<p>Adem\u00e1s, Atlixco cuenta con deportistas paral\u00edmpicos reconocidos, incluso a nivel internacional, tal es el caso de Karla Ayl\u00edn Lina, una joven atlixquense que obtuvo seis medallas en los Trisome Games 2024 que fueron realizados en Turqu\u00eda.<\/p>\n","protected":false},"excerpt":{"rendered":"<p>El domingo 30 de junio, Atlixco har\u00e1 historia al celebrar la primera exhibici\u00f3n de Juegos Paral\u00edmpicos Municipales en la Unidad Deportiva La Carolina. El evento, comenzar\u00e1 a las 10:00 horas y ofrecer\u00e1 a la comunidad la oportunidad de conocer m\u00e1s sobre diversas disciplinas paral\u00edmpicas, con el objetivo de fomentar el deporte inclusivo en el municipio. [&hellip;]<\/p>\n","protected":false},"author":4,"featured_media":48377,"comment_status":"open","ping_status":"open","sticky":false,"template":"","format":"standard","meta":{"om_disable_all_campaigns":false,"_monsterinsights_skip_tracking":false,"_monsterinsights_sitenote_active":false,"_monsterinsights_sitenote_note":"","_monsterinsights_sitenote_category":0,"footnotes":""},"categories":[175],"tags":[223],"class_list":["post-48376","post","type-post","status-publish","format-standard","has-post-thumbnail","hentry","category-local","tag-puebla"],"amp_enabled":true,"_links":{"self":[{"href":"https:\/\/lahora.mx\/index.php\/wp-json\/wp\/v2\/posts\/48376","targetHints":{"allow":["GET"]}}],"collection":[{"href":"https:\/\/lahora.mx\/index.php\/wp-json\/wp\/v2\/posts"}],"about":[{"href":"https:\/\/lahora.mx\/index.php\/wp-json\/wp\/v2\/types\/post"}],"author":[{"embeddable":true,"href":"https:\/\/lahora.mx\/index.php\/wp-json\/wp\/v2\/users\/4"}],"replies":[{"embeddable":true,"href":"https:\/\/lahora.mx\/index.php\/wp-json\/wp\/v2\/comments?post=48376"}],"version-history":[{"count":1,"href":"https:\/\/lahora.mx\/index.php\/wp-json\/wp\/v2\/posts\/48376\/revisions"}],"predecessor-version":[{"id":48378,"href":"https:\/\/lahora.mx\/index.php\/wp-json\/wp\/v2\/posts\/48376\/revisions\/48378"}],"wp:featuredmedia":[{"embeddable":true,"href":"https:\/\/lahora.mx\/index.php\/wp-json\/wp\/v2\/media\/48377"}],"wp:attachment":[{"href":"https:\/\/lahora.mx\/index.php\/wp-json\/wp\/v2\/media?parent=48376"}],"wp:term":[{"taxonomy":"category","embeddable":true,"href":"https:\/\/lahora.mx\/index.php\/wp-json\/wp\/v2\/categories?post=48376"},{"taxonomy":"post_tag","embeddable":true,"href":"https:\/\/lahora.mx\/index.php\/wp-json\/wp\/v2\/tags?post=48376"}],"curies":[{"name":"wp","href":"https:\/\/api.w.org\/{rel}","templated":true}]}}