{"id":48372,"date":"2024-06-29T02:15:36","date_gmt":"2024-06-29T02:15:36","guid":{"rendered":"http:\/\/lahora.mx\/?p=48372"},"modified":"2024-06-29T02:15:37","modified_gmt":"2024-06-29T02:15:37","slug":"sin-avances-en-el-congreso-para-sancionar-el-bloqueo-de-carreteras","status":"publish","type":"post","link":"https:\/\/lahora.mx\/index.php\/2024\/06\/29\/sin-avances-en-el-congreso-para-sancionar-el-bloqueo-de-carreteras\/","title":{"rendered":"Sin avances en el Congreso, para sancionar el bloqueo de carreteras"},"content":{"rendered":"\n<p>Luego que se registraran cierres carreteros que afectaron al estado de Puebla, el gobernador Sergio Salom\u00f3n C\u00e9spedes Peregrina, se\u00f1al\u00f3 que esto jam\u00e1s ser\u00e1 la soluci\u00f3n de conflictos.<\/p>\n\n\n\n<p>Durante su visita a Atlixco, el mandatario estatal mencion\u00f3 que en el estado de Puebla no se han tenido avances para que el Congreso del Estado apruebe sanciones a quienes bloqueen carreteras y afecten a terceras personas.<\/p>\n\n\n\n<p>\u201cEs un tema que se tiene pendiente, pero hay que generar mucha conciencia en ello, la soluci\u00f3n no es el cierre de carreteras para poder resolver conflictos, entonces ah\u00ed debe haber mucha prudencia\u201d, refiri\u00f3.<\/p>\n\n\n\n<p>Cabe destacar que el titular del Ejecutivo, acudi\u00f3 al municipio de Atlixco para inaugurar el Multideportivo en la Unidad Habitacional Homex, la cual tuvo una inversi\u00f3n de m\u00e1s de 20 millones de pesos en beneficio de m\u00e1s de 5 mil habitantes.<\/p>\n\n\n\n<p>Este proyecto se realiz\u00f3 en coordinaci\u00f3n entre el Gobierno del Estado con el Ayuntamiento de Atlixco, tras una gran disputa del predio se logr\u00f3 concluir con este espacio que adem\u00e1s de ser de esparcimiento, ser\u00e1 un lugar donde los j\u00f3venes podr\u00e1n practicar deportes para alejarlos de adicciones.<\/p>\n\n\n\n<p>Este proyecto cuenta con: drenaje pluvial, andadores, banquetas, instalaci\u00f3n el\u00e9ctrica, cancha de usos m\u00faltiples, cancha de f\u00fatbol r\u00e1pido, bancas, gradas con cubierta, pista de trote, \u00e1rea de picnic, gimnasio al aire libre, juegos infantiles, arborizaci\u00f3n y jardiner\u00eda adem\u00e1s de un edificio de usos m\u00faltiples.<\/p>\n\n\n\n<p>Por su parte, Ariadna Ayala edil municipal de Atlixco agradeci\u00f3 el compromiso del gobernador con este proyecto que ya era anhelado por muchos a\u00f1os y muchas generaciones.<\/p>\n\n\n\n<p>TAGS<\/p>\n","protected":false},"excerpt":{"rendered":"<p>Luego que se registraran cierres carreteros que afectaron al estado de Puebla, el gobernador Sergio Salom\u00f3n C\u00e9spedes Peregrina, se\u00f1al\u00f3 que esto jam\u00e1s ser\u00e1 la soluci\u00f3n de conflictos. Durante su visita a Atlixco, el mandatario estatal mencion\u00f3 que en el estado de Puebla no se han tenido avances para que el Congreso del Estado apruebe sanciones [&hellip;]<\/p>\n","protected":false},"author":4,"featured_media":48373,"comment_status":"open","ping_status":"open","sticky":false,"template":"","format":"standard","meta":{"om_disable_all_campaigns":false,"_monsterinsights_skip_tracking":false,"_monsterinsights_sitenote_active":false,"_monsterinsights_sitenote_note":"","_monsterinsights_sitenote_category":0,"footnotes":""},"categories":[175],"tags":[195,223],"class_list":["post-48372","post","type-post","status-publish","format-standard","has-post-thumbnail","hentry","category-local","tag-principal","tag-puebla"],"amp_enabled":true,"_links":{"self":[{"href":"https:\/\/lahora.mx\/index.php\/wp-json\/wp\/v2\/posts\/48372","targetHints":{"allow":["GET"]}}],"collection":[{"href":"https:\/\/lahora.mx\/index.php\/wp-json\/wp\/v2\/posts"}],"about":[{"href":"https:\/\/lahora.mx\/index.php\/wp-json\/wp\/v2\/types\/post"}],"author":[{"embeddable":true,"href":"https:\/\/lahora.mx\/index.php\/wp-json\/wp\/v2\/users\/4"}],"replies":[{"embeddable":true,"href":"https:\/\/lahora.mx\/index.php\/wp-json\/wp\/v2\/comments?post=48372"}],"version-history":[{"count":1,"href":"https:\/\/lahora.mx\/index.php\/wp-json\/wp\/v2\/posts\/48372\/revisions"}],"predecessor-version":[{"id":48374,"href":"https:\/\/lahora.mx\/index.php\/wp-json\/wp\/v2\/posts\/48372\/revisions\/48374"}],"wp:featuredmedia":[{"embeddable":true,"href":"https:\/\/lahora.mx\/index.php\/wp-json\/wp\/v2\/media\/48373"}],"wp:attachment":[{"href":"https:\/\/lahora.mx\/index.php\/wp-json\/wp\/v2\/media?parent=48372"}],"wp:term":[{"taxonomy":"category","embeddable":true,"href":"https:\/\/lahora.mx\/index.php\/wp-json\/wp\/v2\/categories?post=48372"},{"taxonomy":"post_tag","embeddable":true,"href":"https:\/\/lahora.mx\/index.php\/wp-json\/wp\/v2\/tags?post=48372"}],"curies":[{"name":"wp","href":"https:\/\/api.w.org\/{rel}","templated":true}]}}