{"id":48366,"date":"2024-06-29T02:12:08","date_gmt":"2024-06-29T02:12:08","guid":{"rendered":"http:\/\/lahora.mx\/?p=48366"},"modified":"2024-06-29T02:12:10","modified_gmt":"2024-06-29T02:12:10","slug":"susana-denuncio-intento-de-feminicido","status":"publish","type":"post","link":"https:\/\/lahora.mx\/index.php\/2024\/06\/29\/susana-denuncio-intento-de-feminicido\/","title":{"rendered":"Susana denunci\u00f3 intento de feminicido"},"content":{"rendered":"\n<p>Susana fue v\u00edctima de un intento de feminicidio hace seis a\u00f1os por parte de su ex pareja, quien la lesion\u00f3 con 17 pu\u00f1aladas, aunque hubo una denuncia el proceso fue lento y hace dos meses su ex esposo la acus\u00f3 junto con otros tres de sus familiares, de haberlo secuestrado; esta segunda denuncia s\u00ed surti\u00f3 efecto.<\/p>\n\n\n\n<p>La tarde de este viernes, familiares y amigos de Susana N., de 31 a\u00f1os originaria de San Luis Temalacayuca en el municipio de Tepanco de L\u00f3pez, se manifestaron a las afueras de la Casa de Justicia en Tehuac\u00e1n para pedir a la Fiscal\u00eda General del Estado (FGE) que revise el caso, ya que quien dice ser la v\u00edctima de secuestro, fue el victimario en un intento de feminicidio.<\/p>\n\n\n\n<p>Los familiares mencionaron que Susana procedi\u00f3 a interponer su denuncia, la cual qued\u00f3 asentada \u00fanicamente como lesiones, sin embargo el delito fue reclasificado como intento de feminicidio y desde ese momento se dio seguimiento a su caso, pero los avances fueron pocos.<\/p>\n\n\n\n<p>Ella decidi\u00f3 separarse de su agresor y desde ese tiempo mantuvo sola a sus dos hijas menores, adem\u00e1s empez\u00f3 a estudiar una carrera universitaria en la Escuela Normal Superior, incluso su familia dio a conocer que est\u00e1 a punto de graduarse, pero el domingo 23 de junio, ella y tres personas m\u00e1s, fueron detenidos por un supuesto intento de secuestro.<br>Quien los se\u00f1ala es su ex pareja, Daniel Santana Rosas, \u00e9l dice que el 12 de marzo fue v\u00edctima de un secuestro planeado por la familia de Susana, incluso el pasado 26 de junio la FGE, emiti\u00f3 un bolet\u00edn en el que inform\u00f3 que Susana, Efra\u00edn, Maura y Alfredo, son investigados por presuntamente exigir 500 mil pesos a una persona, para ponerlo el libertad pero la v\u00edctima logr\u00f3 escapar.<\/p>\n\n\n\n<p>Previo a la audiencia, familiares de Susana cerraron el paso frente a la Casa de Justicia de Tehuac\u00e1n, donde pidieron ambas versiones sean escuchadas y tomadas en cuenta.<\/p>\n","protected":false},"excerpt":{"rendered":"<p>Susana fue v\u00edctima de un intento de feminicidio hace seis a\u00f1os por parte de su ex pareja, quien la lesion\u00f3 con 17 pu\u00f1aladas, aunque hubo una denuncia el proceso fue lento y hace dos meses su ex esposo la acus\u00f3 junto con otros tres de sus familiares, de haberlo secuestrado; esta segunda denuncia s\u00ed surti\u00f3 [&hellip;]<\/p>\n","protected":false},"author":4,"featured_media":48367,"comment_status":"open","ping_status":"open","sticky":false,"template":"","format":"standard","meta":{"om_disable_all_campaigns":false,"_monsterinsights_skip_tracking":false,"_monsterinsights_sitenote_active":false,"_monsterinsights_sitenote_note":"","_monsterinsights_sitenote_category":0,"footnotes":""},"categories":[175,226],"tags":[223],"class_list":["post-48366","post","type-post","status-publish","format-standard","has-post-thumbnail","hentry","category-local","category-policia","tag-puebla"],"amp_enabled":true,"_links":{"self":[{"href":"https:\/\/lahora.mx\/index.php\/wp-json\/wp\/v2\/posts\/48366","targetHints":{"allow":["GET"]}}],"collection":[{"href":"https:\/\/lahora.mx\/index.php\/wp-json\/wp\/v2\/posts"}],"about":[{"href":"https:\/\/lahora.mx\/index.php\/wp-json\/wp\/v2\/types\/post"}],"author":[{"embeddable":true,"href":"https:\/\/lahora.mx\/index.php\/wp-json\/wp\/v2\/users\/4"}],"replies":[{"embeddable":true,"href":"https:\/\/lahora.mx\/index.php\/wp-json\/wp\/v2\/comments?post=48366"}],"version-history":[{"count":1,"href":"https:\/\/lahora.mx\/index.php\/wp-json\/wp\/v2\/posts\/48366\/revisions"}],"predecessor-version":[{"id":48368,"href":"https:\/\/lahora.mx\/index.php\/wp-json\/wp\/v2\/posts\/48366\/revisions\/48368"}],"wp:featuredmedia":[{"embeddable":true,"href":"https:\/\/lahora.mx\/index.php\/wp-json\/wp\/v2\/media\/48367"}],"wp:attachment":[{"href":"https:\/\/lahora.mx\/index.php\/wp-json\/wp\/v2\/media?parent=48366"}],"wp:term":[{"taxonomy":"category","embeddable":true,"href":"https:\/\/lahora.mx\/index.php\/wp-json\/wp\/v2\/categories?post=48366"},{"taxonomy":"post_tag","embeddable":true,"href":"https:\/\/lahora.mx\/index.php\/wp-json\/wp\/v2\/tags?post=48366"}],"curies":[{"name":"wp","href":"https:\/\/api.w.org\/{rel}","templated":true}]}}