{"id":48363,"date":"2024-06-29T02:11:09","date_gmt":"2024-06-29T02:11:09","guid":{"rendered":"http:\/\/lahora.mx\/?p=48363"},"modified":"2024-06-29T02:11:10","modified_gmt":"2024-06-29T02:11:10","slug":"encuentran-el-cuerpo-del-periodista-victor-alfonso-culebro-en-chiapas","status":"publish","type":"post","link":"https:\/\/lahora.mx\/index.php\/2024\/06\/29\/encuentran-el-cuerpo-del-periodista-victor-alfonso-culebro-en-chiapas\/","title":{"rendered":"Encuentran el cuerpo del periodista V\u00edctor Alfonso Culebro en Chiapas"},"content":{"rendered":"\n<p>El cuerpo sin vida del periodista V\u00edctor Alfonso Culebro Morales, \u2014 hijo del exsecretario de gobierno de Chiapas, Mario Carlos Culebro Velasco\u2014, fue encontrado la ma\u00f1ana de este 28 de junio en el kil\u00f3metro 20+400 del tramo carretero de la autopista Ocozocoautla de Espinosa-Arriaga, a la altura del ejido Tierra y Libertad, del municipio de Jiquipilas, Chiapas.<\/p>\n\n\n\n<p>De acuerdo con los reportes preliminares, Culebro Morales, de 39 a\u00f1os y director del medio de comunicaci\u00f3n Realidades, fue descubierto con m\u00faltiples impactos de bala, signos de tortura, las manos atadas y el rostro cubierto con una tela negra.<\/p>\n\n\n\n<p>\u201cEste tr\u00e1gico suceso resalta nuevamente los peligros a los que se enfrentan los periodistas en Chiapas, especialmente en regiones conflictivas como Jiquipilas\u201d, escribi\u00f3 Chiapas al Momento Noticias, uno de los medios locales que confirmaron el asesinato del periodista.<\/p>\n\n\n\n<p>Su cuerpo fue localizado en una cuneta de terracer\u00eda en la zona de La Sepultura, vistiendo pantal\u00f3n de mezclilla azul, playera del mismo color y tenis negros al momento del hallazgo, al lugar acudieron, agentes de las polic\u00edas Municipal y Estatal, as\u00ed como agentes del Ministerio P\u00fablico y peritos de la Fiscal\u00eda de Distrito.<br>Las autoridades iniciaron las investigaciones correspondientes y trasladaron el cuerpo al Servicio M\u00e9dico Forense (Semefo) de Cintalapa para realizar los peritajes necesarios. Hasta el momento, no se ha confirmado si el periodista hab\u00eda recibido amenazas previas.<\/p>\n\n\n\n<p>V\u00edctor Morales, padre de dos hijos y esposo, era reconocido por su labor informativa centrada en la cobertura de noticias regionales y locales desde el medio que dirig\u00eda en Cintalapa.<\/p>\n","protected":false},"excerpt":{"rendered":"<p>El cuerpo sin vida del periodista V\u00edctor Alfonso Culebro Morales, \u2014 hijo del exsecretario de gobierno de Chiapas, Mario Carlos Culebro Velasco\u2014, fue encontrado la ma\u00f1ana de este 28 de junio en el kil\u00f3metro 20+400 del tramo carretero de la autopista Ocozocoautla de Espinosa-Arriaga, a la altura del ejido Tierra y Libertad, del municipio de [&hellip;]<\/p>\n","protected":false},"author":4,"featured_media":48364,"comment_status":"open","ping_status":"open","sticky":false,"template":"","format":"standard","meta":{"om_disable_all_campaigns":false,"_monsterinsights_skip_tracking":false,"_monsterinsights_sitenote_active":false,"_monsterinsights_sitenote_note":"","_monsterinsights_sitenote_category":0,"footnotes":""},"categories":[175],"tags":[223],"class_list":["post-48363","post","type-post","status-publish","format-standard","has-post-thumbnail","hentry","category-local","tag-puebla"],"amp_enabled":true,"_links":{"self":[{"href":"https:\/\/lahora.mx\/index.php\/wp-json\/wp\/v2\/posts\/48363","targetHints":{"allow":["GET"]}}],"collection":[{"href":"https:\/\/lahora.mx\/index.php\/wp-json\/wp\/v2\/posts"}],"about":[{"href":"https:\/\/lahora.mx\/index.php\/wp-json\/wp\/v2\/types\/post"}],"author":[{"embeddable":true,"href":"https:\/\/lahora.mx\/index.php\/wp-json\/wp\/v2\/users\/4"}],"replies":[{"embeddable":true,"href":"https:\/\/lahora.mx\/index.php\/wp-json\/wp\/v2\/comments?post=48363"}],"version-history":[{"count":1,"href":"https:\/\/lahora.mx\/index.php\/wp-json\/wp\/v2\/posts\/48363\/revisions"}],"predecessor-version":[{"id":48365,"href":"https:\/\/lahora.mx\/index.php\/wp-json\/wp\/v2\/posts\/48363\/revisions\/48365"}],"wp:featuredmedia":[{"embeddable":true,"href":"https:\/\/lahora.mx\/index.php\/wp-json\/wp\/v2\/media\/48364"}],"wp:attachment":[{"href":"https:\/\/lahora.mx\/index.php\/wp-json\/wp\/v2\/media?parent=48363"}],"wp:term":[{"taxonomy":"category","embeddable":true,"href":"https:\/\/lahora.mx\/index.php\/wp-json\/wp\/v2\/categories?post=48363"},{"taxonomy":"post_tag","embeddable":true,"href":"https:\/\/lahora.mx\/index.php\/wp-json\/wp\/v2\/tags?post=48363"}],"curies":[{"name":"wp","href":"https:\/\/api.w.org\/{rel}","templated":true}]}}