{"id":48360,"date":"2024-06-29T02:09:22","date_gmt":"2024-06-29T02:09:22","guid":{"rendered":"http:\/\/lahora.mx\/?p=48360"},"modified":"2024-06-29T02:09:22","modified_gmt":"2024-06-29T02:09:22","slug":"en-un-mes-se-inaugurara-el-nuevo-congreso-de-puebla-de-800-millones-s","status":"publish","type":"post","link":"https:\/\/lahora.mx\/index.php\/2024\/06\/29\/en-un-mes-se-inaugurara-el-nuevo-congreso-de-puebla-de-800-millones-s\/","title":{"rendered":"En un mes se inaugurara el Nuevo Congreso de Puebla de 800 millones s"},"content":{"rendered":"\n<p>La nueva sede del Congreso del estado se inaugurar\u00e1 el 30 de agosto, por ello los 41 diputados de la Sexag\u00e9sima Primera Legislatura trabajaran 15 d\u00edas en el nuevo edificio; la obra completa cost\u00f3 798 millones de pesos.<\/p>\n\n\n\n<p>Este viernes los legisladores fueron citados en el Congreso del estado de Puebla para observar la construcci\u00f3n de la nueva sede junto con el gobernador, Sergio Salom\u00f3n C\u00e9spedes.<\/p>\n\n\n\n<p>Sin embargo, no todos los legisladores acudieron; al llamado llegaron Nora Merino Escamilla, Silvia Tan\u00fas Osorio, M\u00f3nica Rodr\u00edguez Della Vecchia, Guadalupe Yamack, Azucena Rosas Tapia, Miguel Huerta.<\/p>\n\n\n\n<p>Adem\u00e1s de Liz Minto, Norma Shirley, el presidente del Congreso del estado, Edgar Garmendia de los Santos, y Patricia Valencia.<\/p>\n\n\n\n<p>En la visita los diputados fueron informados de que la nueva sede del Congreso del estado de Puebla se inaugurar\u00e1 el 30 de agosto, a fin de que en sus \u00faltimos d\u00edas como legisladores ocupen las nuevas oficinas.<\/p>\n\n\n\n<p>Por su parte, el gobernador Sergio Salom\u00f3n C\u00e9spedes Peregrina revel\u00f3, a trav\u00e9s de redes sociales, que la construcci\u00f3n lleva un 70 por ciento de avance, a fin de que a finales de agosto el edificio sea inaugurado.<\/p>\n\n\n\n<p>\u201cLa obra presenta ya un avance del 70% y se proyecta su inauguraci\u00f3n para finales de agosto. Les mantendremos informados\u201d.<br>Grupo Constructora Marcar y Asociados S.A de C.V., es la empresa que benefici\u00f3 con el contrato para construir el nuevo congreso de Puebla: la obra completa cost\u00f3 798 millones de pesos y el tiempo preciso de edificaci\u00f3n fue de 11 meses.<\/p>\n","protected":false},"excerpt":{"rendered":"<p>La nueva sede del Congreso del estado se inaugurar\u00e1 el 30 de agosto, por ello los 41 diputados de la Sexag\u00e9sima Primera Legislatura trabajaran 15 d\u00edas en el nuevo edificio; la obra completa cost\u00f3 798 millones de pesos. Este viernes los legisladores fueron citados en el Congreso del estado de Puebla para observar la construcci\u00f3n [&hellip;]<\/p>\n","protected":false},"author":4,"featured_media":48361,"comment_status":"open","ping_status":"open","sticky":false,"template":"","format":"standard","meta":{"om_disable_all_campaigns":false,"_monsterinsights_skip_tracking":false,"_monsterinsights_sitenote_active":false,"_monsterinsights_sitenote_note":"","_monsterinsights_sitenote_category":0,"footnotes":""},"categories":[175],"tags":[195,223],"class_list":["post-48360","post","type-post","status-publish","format-standard","has-post-thumbnail","hentry","category-local","tag-principal","tag-puebla"],"amp_enabled":true,"_links":{"self":[{"href":"https:\/\/lahora.mx\/index.php\/wp-json\/wp\/v2\/posts\/48360","targetHints":{"allow":["GET"]}}],"collection":[{"href":"https:\/\/lahora.mx\/index.php\/wp-json\/wp\/v2\/posts"}],"about":[{"href":"https:\/\/lahora.mx\/index.php\/wp-json\/wp\/v2\/types\/post"}],"author":[{"embeddable":true,"href":"https:\/\/lahora.mx\/index.php\/wp-json\/wp\/v2\/users\/4"}],"replies":[{"embeddable":true,"href":"https:\/\/lahora.mx\/index.php\/wp-json\/wp\/v2\/comments?post=48360"}],"version-history":[{"count":1,"href":"https:\/\/lahora.mx\/index.php\/wp-json\/wp\/v2\/posts\/48360\/revisions"}],"predecessor-version":[{"id":48362,"href":"https:\/\/lahora.mx\/index.php\/wp-json\/wp\/v2\/posts\/48360\/revisions\/48362"}],"wp:featuredmedia":[{"embeddable":true,"href":"https:\/\/lahora.mx\/index.php\/wp-json\/wp\/v2\/media\/48361"}],"wp:attachment":[{"href":"https:\/\/lahora.mx\/index.php\/wp-json\/wp\/v2\/media?parent=48360"}],"wp:term":[{"taxonomy":"category","embeddable":true,"href":"https:\/\/lahora.mx\/index.php\/wp-json\/wp\/v2\/categories?post=48360"},{"taxonomy":"post_tag","embeddable":true,"href":"https:\/\/lahora.mx\/index.php\/wp-json\/wp\/v2\/tags?post=48360"}],"curies":[{"name":"wp","href":"https:\/\/api.w.org\/{rel}","templated":true}]}}