{"id":48357,"date":"2024-06-29T02:07:50","date_gmt":"2024-06-29T02:07:50","guid":{"rendered":"http:\/\/lahora.mx\/?p=48357"},"modified":"2024-06-29T02:07:51","modified_gmt":"2024-06-29T02:07:51","slug":"atlixco-sera-sede-de-exhibicion-de-juegos-paralimpicos","status":"publish","type":"post","link":"https:\/\/lahora.mx\/index.php\/2024\/06\/29\/atlixco-sera-sede-de-exhibicion-de-juegos-paralimpicos\/","title":{"rendered":"Atlixco ser\u00e1 sede de exhibici\u00f3n de juegos paral\u00edmpicos"},"content":{"rendered":"\n<p>La presidenta municipal, Ariadna Ayala, reitera su compromiso con el deporte y la inclusi\u00f3n al celebrar este domingo 30 de junio una Exhibici\u00f3n de Juegos Paral\u00edmpicos en la Unidad Deportiva La Carolina, en Atlixco.<\/p>\n\n\n\n<p>La exhibici\u00f3n iniciar\u00e1 a las 10:00 horas; atletas paral\u00edmpicos de talla nacional que son destacados en diversas disciplinas se reunir\u00e1n en este evento, ofreciendo a los espectadores la oportunidad de presenciar de cerca el talento y la determinaci\u00f3n de estos deportistas de \u00e9lite.<\/p>\n\n\n\n<p>Gracias a la infraestructura adecuada y el compromiso de la presidenta Ariadna Ayala con la inclusi\u00f3n y el deporte adaptado, habr\u00e1 demostraciones en nataci\u00f3n, b\u00e1squetbol en silla de ruedas, goalball y rugby en silla de ruedas.<\/p>\n\n\n\n<p>La entrada es sin costo y se espera que la exhibici\u00f3n no solo inspire a la comunidad local, sino que tambi\u00e9n fomente un mayor inter\u00e9s en la pr\u00e1ctica deportiva inclusiva entre los j\u00f3venes.<\/p>\n","protected":false},"excerpt":{"rendered":"<p>La presidenta municipal, Ariadna Ayala, reitera su compromiso con el deporte y la inclusi\u00f3n al celebrar este domingo 30 de junio una Exhibici\u00f3n de Juegos Paral\u00edmpicos en la Unidad Deportiva La Carolina, en Atlixco. La exhibici\u00f3n iniciar\u00e1 a las 10:00 horas; atletas paral\u00edmpicos de talla nacional que son destacados en diversas disciplinas se reunir\u00e1n en [&hellip;]<\/p>\n","protected":false},"author":4,"featured_media":48358,"comment_status":"open","ping_status":"open","sticky":false,"template":"","format":"standard","meta":{"om_disable_all_campaigns":false,"_monsterinsights_skip_tracking":false,"_monsterinsights_sitenote_active":false,"_monsterinsights_sitenote_note":"","_monsterinsights_sitenote_category":0,"footnotes":""},"categories":[175],"tags":[223],"class_list":["post-48357","post","type-post","status-publish","format-standard","has-post-thumbnail","hentry","category-local","tag-puebla"],"amp_enabled":true,"_links":{"self":[{"href":"https:\/\/lahora.mx\/index.php\/wp-json\/wp\/v2\/posts\/48357","targetHints":{"allow":["GET"]}}],"collection":[{"href":"https:\/\/lahora.mx\/index.php\/wp-json\/wp\/v2\/posts"}],"about":[{"href":"https:\/\/lahora.mx\/index.php\/wp-json\/wp\/v2\/types\/post"}],"author":[{"embeddable":true,"href":"https:\/\/lahora.mx\/index.php\/wp-json\/wp\/v2\/users\/4"}],"replies":[{"embeddable":true,"href":"https:\/\/lahora.mx\/index.php\/wp-json\/wp\/v2\/comments?post=48357"}],"version-history":[{"count":1,"href":"https:\/\/lahora.mx\/index.php\/wp-json\/wp\/v2\/posts\/48357\/revisions"}],"predecessor-version":[{"id":48359,"href":"https:\/\/lahora.mx\/index.php\/wp-json\/wp\/v2\/posts\/48357\/revisions\/48359"}],"wp:featuredmedia":[{"embeddable":true,"href":"https:\/\/lahora.mx\/index.php\/wp-json\/wp\/v2\/media\/48358"}],"wp:attachment":[{"href":"https:\/\/lahora.mx\/index.php\/wp-json\/wp\/v2\/media?parent=48357"}],"wp:term":[{"taxonomy":"category","embeddable":true,"href":"https:\/\/lahora.mx\/index.php\/wp-json\/wp\/v2\/categories?post=48357"},{"taxonomy":"post_tag","embeddable":true,"href":"https:\/\/lahora.mx\/index.php\/wp-json\/wp\/v2\/tags?post=48357"}],"curies":[{"name":"wp","href":"https:\/\/api.w.org\/{rel}","templated":true}]}}