{"id":48349,"date":"2024-06-28T23:04:27","date_gmt":"2024-06-28T23:04:27","guid":{"rendered":"http:\/\/lahora.mx\/?p=48349"},"modified":"2024-06-28T23:04:27","modified_gmt":"2024-06-28T23:04:27","slug":"voz-de-los-desaparecidos-reclama-ley-a-diputados","status":"publish","type":"post","link":"https:\/\/lahora.mx\/index.php\/2024\/06\/28\/voz-de-los-desaparecidos-reclama-ley-a-diputados\/","title":{"rendered":"Voz de los Desaparecidos reclama ley a diputados"},"content":{"rendered":"\n<p>El colectivo Voz de los Desaparecidos en Puebla pidi\u00f3 de nueva cuenta al Congreso de Puebla aprobar la Ley de Declaraci\u00f3n Especial de Ausencia, detenida desde 2023, pues la actual legislatura se va de receso el 15 de julio. Adem\u00e1s, mediante su cuenta oficial de X llamaron al gobernador Sergio Salom\u00f3n C\u00e9spedes Peregrina a intervenir para revertir la omisi\u00f3n en materia de Derechos Humanos.<\/p>\n\n\n\n<p>Esta iniciativa fue trabajada por el Instituto de Derechos Humanos Ignacio Ellacur\u00eda, la Cl\u00ednica Jur\u00eddica Minerva Calder\u00f3n, el Observatorio de Participaci\u00f3n Social y Calidad Democr\u00e1tica se unieron con el colectivo Voz de los Desaparecidos en Puebla y la diputada M\u00f3nica Ruiz.<\/p>\n\n\n\n<p>El proyecto de ley permitir\u00e1 la realizaci\u00f3n de tr\u00e1mites jur\u00eddicos y administrativos por parte de los familiares, especialmente de los hijos, de una persona en calidad de no localizada.<\/p>\n\n\n\n<p>Esto permite, por ejemplo, que los familiares puedan realizar acciones como inscribir a los menores afectados a la escuela a pesar de la ausencia de su tutor, as\u00ed como el acceso a los servicios de salud en caso de que la persona desaparecida sea derechohabiente de alguna instituci\u00f3n m\u00e9dica o hacer uso de bienes inmuebles.<\/p>\n\n\n\n<p>Tambi\u00e9n otorga a familiares medidas para asegurar su protecci\u00f3n m\u00e1s amplia en t\u00e9rminos de salud, guardia y custodia de los hijos y administraci\u00f3n de los bienes y patrimonio familiar.<\/p>\n\n\n\n<p>En cinco meses 835 personas desaparecidas<\/p>\n\n\n\n<p>Durante los primeros cinco meses de 2024 el estado de Puebla ya reporta 835 personas desaparecidas, es decir, se registra un alza del 15.8 por ciento, en comparaci\u00f3n con el mismo periodo del a\u00f1o pasado, cuando se registraron 721 casos, de acuerdo con cifras de la Fiscal\u00eda General del Estado<\/p>\n","protected":false},"excerpt":{"rendered":"<p>El colectivo Voz de los Desaparecidos en Puebla pidi\u00f3 de nueva cuenta al Congreso de Puebla aprobar la Ley de Declaraci\u00f3n Especial de Ausencia, detenida desde 2023, pues la actual legislatura se va de receso el 15 de julio. Adem\u00e1s, mediante su cuenta oficial de X llamaron al gobernador Sergio Salom\u00f3n C\u00e9spedes Peregrina a intervenir [&hellip;]<\/p>\n","protected":false},"author":4,"featured_media":48350,"comment_status":"open","ping_status":"open","sticky":false,"template":"","format":"standard","meta":{"om_disable_all_campaigns":false,"_monsterinsights_skip_tracking":false,"_monsterinsights_sitenote_active":false,"_monsterinsights_sitenote_note":"","_monsterinsights_sitenote_category":0,"footnotes":""},"categories":[175],"tags":[223],"class_list":["post-48349","post","type-post","status-publish","format-standard","has-post-thumbnail","hentry","category-local","tag-puebla"],"amp_enabled":true,"_links":{"self":[{"href":"https:\/\/lahora.mx\/index.php\/wp-json\/wp\/v2\/posts\/48349","targetHints":{"allow":["GET"]}}],"collection":[{"href":"https:\/\/lahora.mx\/index.php\/wp-json\/wp\/v2\/posts"}],"about":[{"href":"https:\/\/lahora.mx\/index.php\/wp-json\/wp\/v2\/types\/post"}],"author":[{"embeddable":true,"href":"https:\/\/lahora.mx\/index.php\/wp-json\/wp\/v2\/users\/4"}],"replies":[{"embeddable":true,"href":"https:\/\/lahora.mx\/index.php\/wp-json\/wp\/v2\/comments?post=48349"}],"version-history":[{"count":1,"href":"https:\/\/lahora.mx\/index.php\/wp-json\/wp\/v2\/posts\/48349\/revisions"}],"predecessor-version":[{"id":48351,"href":"https:\/\/lahora.mx\/index.php\/wp-json\/wp\/v2\/posts\/48349\/revisions\/48351"}],"wp:featuredmedia":[{"embeddable":true,"href":"https:\/\/lahora.mx\/index.php\/wp-json\/wp\/v2\/media\/48350"}],"wp:attachment":[{"href":"https:\/\/lahora.mx\/index.php\/wp-json\/wp\/v2\/media?parent=48349"}],"wp:term":[{"taxonomy":"category","embeddable":true,"href":"https:\/\/lahora.mx\/index.php\/wp-json\/wp\/v2\/categories?post=48349"},{"taxonomy":"post_tag","embeddable":true,"href":"https:\/\/lahora.mx\/index.php\/wp-json\/wp\/v2\/tags?post=48349"}],"curies":[{"name":"wp","href":"https:\/\/api.w.org\/{rel}","templated":true}]}}