{"id":48346,"date":"2024-06-28T23:01:59","date_gmt":"2024-06-28T23:01:59","guid":{"rendered":"http:\/\/lahora.mx\/?p=48346"},"modified":"2024-06-28T23:01:59","modified_gmt":"2024-06-28T23:01:59","slug":"detienen-a-carteristas-que-operaban-en-unidades-del-ruta","status":"publish","type":"post","link":"https:\/\/lahora.mx\/index.php\/2024\/06\/28\/detienen-a-carteristas-que-operaban-en-unidades-del-ruta\/","title":{"rendered":"Detienen a carteristas que operaban en unidades del RUTA"},"content":{"rendered":"\n<p>Emmanuel, Jos\u00e9 Lauro, Jos\u00e9 Gerardo y un menor de apenas 17 a\u00f1os de edad, son los presuntos carteristas que operaban en el RUTA y quedaron detenidos la tarde de ayer, sobre el Boulevard 5 de Mayo.<\/p>\n\n\n\n<p>El cuarteto de sujetos, al no conseguir despojar de sus pertenencias a su v\u00edctima, la golpearon.<\/p>\n\n\n\n<p>Los rostros de presuntos carteristas que operaban en unidades del RUTA, se evidenciaron a trav\u00e9s de las redes sociales.<\/p>\n\n\n\n<p>Con la finalidad de que, quienes hayan sufrido ataques por ellos, los identifiquen y denuncien formalmente ante las autoridades.<\/p>\n\n\n\n<p>De acuerdo a autoridades estatales, los cuatro hombres de 17, 18, 20 y 23 a\u00f1os respectivamente, intentaron despojar a un usuario del metrob\u00fas de sus pertenencias.<\/p>\n\n\n\n<p>La v\u00edctima, qued\u00f3 rodeada por los j\u00f3venes pero al darse cuenta, los enfrent\u00f3 y evit\u00f3 que le quitaran sus cosas. Lo que ocasion\u00f3 que \u00e9stos -en mont\u00f3n-, lo golpearan en m\u00faltiples ocasiones.<\/p>\n\n\n\n<p>Uniformados de la Polic\u00eda Tur\u00edstica los aprehendieron y pusieron a disposici\u00f3n de la autoridad competente para las investigaciones. Importante mencionar que, uno de ellos, est\u00e1 relacionado con robo a transe\u00fante y transporte p\u00fablico.<\/p>\n","protected":false},"excerpt":{"rendered":"<p>Emmanuel, Jos\u00e9 Lauro, Jos\u00e9 Gerardo y un menor de apenas 17 a\u00f1os de edad, son los presuntos carteristas que operaban en el RUTA y quedaron detenidos la tarde de ayer, sobre el Boulevard 5 de Mayo. El cuarteto de sujetos, al no conseguir despojar de sus pertenencias a su v\u00edctima, la golpearon. Los rostros de [&hellip;]<\/p>\n","protected":false},"author":4,"featured_media":48347,"comment_status":"open","ping_status":"open","sticky":false,"template":"","format":"standard","meta":{"om_disable_all_campaigns":false,"_monsterinsights_skip_tracking":false,"_monsterinsights_sitenote_active":false,"_monsterinsights_sitenote_note":"","_monsterinsights_sitenote_category":0,"footnotes":""},"categories":[175,226],"tags":[223],"class_list":["post-48346","post","type-post","status-publish","format-standard","has-post-thumbnail","hentry","category-local","category-policia","tag-puebla"],"amp_enabled":true,"_links":{"self":[{"href":"https:\/\/lahora.mx\/index.php\/wp-json\/wp\/v2\/posts\/48346","targetHints":{"allow":["GET"]}}],"collection":[{"href":"https:\/\/lahora.mx\/index.php\/wp-json\/wp\/v2\/posts"}],"about":[{"href":"https:\/\/lahora.mx\/index.php\/wp-json\/wp\/v2\/types\/post"}],"author":[{"embeddable":true,"href":"https:\/\/lahora.mx\/index.php\/wp-json\/wp\/v2\/users\/4"}],"replies":[{"embeddable":true,"href":"https:\/\/lahora.mx\/index.php\/wp-json\/wp\/v2\/comments?post=48346"}],"version-history":[{"count":1,"href":"https:\/\/lahora.mx\/index.php\/wp-json\/wp\/v2\/posts\/48346\/revisions"}],"predecessor-version":[{"id":48348,"href":"https:\/\/lahora.mx\/index.php\/wp-json\/wp\/v2\/posts\/48346\/revisions\/48348"}],"wp:featuredmedia":[{"embeddable":true,"href":"https:\/\/lahora.mx\/index.php\/wp-json\/wp\/v2\/media\/48347"}],"wp:attachment":[{"href":"https:\/\/lahora.mx\/index.php\/wp-json\/wp\/v2\/media?parent=48346"}],"wp:term":[{"taxonomy":"category","embeddable":true,"href":"https:\/\/lahora.mx\/index.php\/wp-json\/wp\/v2\/categories?post=48346"},{"taxonomy":"post_tag","embeddable":true,"href":"https:\/\/lahora.mx\/index.php\/wp-json\/wp\/v2\/tags?post=48346"}],"curies":[{"name":"wp","href":"https:\/\/api.w.org\/{rel}","templated":true}]}}