{"id":48336,"date":"2024-06-28T18:45:54","date_gmt":"2024-06-28T18:45:54","guid":{"rendered":"http:\/\/lahora.mx\/?p=48336"},"modified":"2024-06-28T18:45:55","modified_gmt":"2024-06-28T18:45:55","slug":"los-137-4-mdp-que-debe-el-ayuntamiento-se-pagaran-a-tiempo-adan-dominguez","status":"publish","type":"post","link":"https:\/\/lahora.mx\/index.php\/2024\/06\/28\/los-137-4-mdp-que-debe-el-ayuntamiento-se-pagaran-a-tiempo-adan-dominguez\/","title":{"rendered":"Los 137.4 mdp que debe el Ayuntamiento se pagar\u00e1n a tiempo: Ad\u00e1n Dom\u00ednguez"},"content":{"rendered":"\n<p>El cr\u00e9dito de 137.4 millones de pesos que el Ayuntamiento de Puebla solicit\u00f3 a Banobras ser\u00e1 liquidado en su totalidad antes de que termine la administraci\u00f3n, asegur\u00f3 el alcalde de Puebla, Ad\u00e1n Dom\u00ednguez S\u00e1nchez.<\/p>\n\n\n\n<p>En entrevista este 28 de junio, el presidente municipal indic\u00f3 que los pagos mensuales, tal y como fueron pactados para pagar el cr\u00e9dito, se han llevado a cabo en tiempo y forma y que antes de que termine el periodo, el adeudo estar\u00e1 pagado en su totalidad.<\/p>\n\n\n\n<p>A la par, aclar\u00f3 que el monto que recibi\u00f3 el Ayuntamiento no fue un pr\u00e9stamo, sino que se trat\u00f3 de un adelanto del Fondo de Infraestructura Social Municipal (FISM), que autoriz\u00f3 el Congreso del Estado.<br>\u00abCuando se firm\u00f3 este pr\u00e9stamo con Banobras, se determin\u00f3 el n\u00famero de pagos mensuales que se har\u00edan. Este n\u00famero de pagos se ha cumplido en tiempo y forma, y terminaremos en tiempo y forma antes de que termine la administraci\u00f3n\u00bb, sostuvo el edil.<\/p>\n\n\n\n<p>Congreso autoriza pr\u00e9stamo de Banobras por 137.4 millones de pesos<br>Fue el pasado 25 de agosto de 2022, cuando el Congreso de Puebla autoriz\u00f3 un cr\u00e9dito que, a la fecha, contin\u00faa pagando el Ayuntamiento de Puebla a Banobras.<\/p>\n\n\n\n<p>Aunque en un principio el gobierno municipal buscaba un pr\u00e9stamo de 160 millones de pesos, Banobras solamente cedi\u00f3 134.7 millones.<\/p>\n","protected":false},"excerpt":{"rendered":"<p>El cr\u00e9dito de 137.4 millones de pesos que el Ayuntamiento de Puebla solicit\u00f3 a Banobras ser\u00e1 liquidado en su totalidad antes de que termine la administraci\u00f3n, asegur\u00f3 el alcalde de Puebla, Ad\u00e1n Dom\u00ednguez S\u00e1nchez. En entrevista este 28 de junio, el presidente municipal indic\u00f3 que los pagos mensuales, tal y como fueron pactados para pagar [&hellip;]<\/p>\n","protected":false},"author":4,"featured_media":48337,"comment_status":"open","ping_status":"open","sticky":false,"template":"","format":"standard","meta":{"om_disable_all_campaigns":false,"_monsterinsights_skip_tracking":false,"_monsterinsights_sitenote_active":false,"_monsterinsights_sitenote_note":"","_monsterinsights_sitenote_category":0,"footnotes":""},"categories":[175],"tags":[234,223],"class_list":["post-48336","post","type-post","status-publish","format-standard","has-post-thumbnail","hentry","category-local","tag-cholula","tag-puebla"],"amp_enabled":true,"_links":{"self":[{"href":"https:\/\/lahora.mx\/index.php\/wp-json\/wp\/v2\/posts\/48336","targetHints":{"allow":["GET"]}}],"collection":[{"href":"https:\/\/lahora.mx\/index.php\/wp-json\/wp\/v2\/posts"}],"about":[{"href":"https:\/\/lahora.mx\/index.php\/wp-json\/wp\/v2\/types\/post"}],"author":[{"embeddable":true,"href":"https:\/\/lahora.mx\/index.php\/wp-json\/wp\/v2\/users\/4"}],"replies":[{"embeddable":true,"href":"https:\/\/lahora.mx\/index.php\/wp-json\/wp\/v2\/comments?post=48336"}],"version-history":[{"count":1,"href":"https:\/\/lahora.mx\/index.php\/wp-json\/wp\/v2\/posts\/48336\/revisions"}],"predecessor-version":[{"id":48338,"href":"https:\/\/lahora.mx\/index.php\/wp-json\/wp\/v2\/posts\/48336\/revisions\/48338"}],"wp:featuredmedia":[{"embeddable":true,"href":"https:\/\/lahora.mx\/index.php\/wp-json\/wp\/v2\/media\/48337"}],"wp:attachment":[{"href":"https:\/\/lahora.mx\/index.php\/wp-json\/wp\/v2\/media?parent=48336"}],"wp:term":[{"taxonomy":"category","embeddable":true,"href":"https:\/\/lahora.mx\/index.php\/wp-json\/wp\/v2\/categories?post=48336"},{"taxonomy":"post_tag","embeddable":true,"href":"https:\/\/lahora.mx\/index.php\/wp-json\/wp\/v2\/tags?post=48336"}],"curies":[{"name":"wp","href":"https:\/\/api.w.org\/{rel}","templated":true}]}}